{"id":5379,"count":2,"description":"<h1 data-path-to-node=\"25\">Asplund &amp; Bel \u0152il<\/h1>\r\n<p data-path-to-node=\"26\">Bel \u0152il pr\u00e9sente les collections <b data-path-to-node=\"26\" data-index-in-node=\"33\">Asplund<\/b> avec un enthousiasme constant. Notre relation avec cette maison su\u00e9doise repose sur l'amour des lignes pures et des mati\u00e8res naturelles. En effet, Asplund incarne parfaitement le renouveau du <b data-path-to-node=\"26\" data-index-in-node=\"233\">design scandinave<\/b> contemporain. Nous choisissons ces <b data-path-to-node=\"26\" data-index-in-node=\"286\">meubles<\/b> pour leur \u00e9l\u00e9gance discr\u00e8te et leur fabrication artisanale. Ils apportent une s\u00e9r\u00e9nit\u00e9 bienvenue \u00e0 nos projets d'am\u00e9nagement les plus sophistiqu\u00e9s.<\/p>\r\n<p data-path-to-node=\"27\">Nos showrooms de <b data-path-to-node=\"27\" data-index-in-node=\"17\">Nice, Cannes, Monaco, Saint-Tropez et Marseille<\/b> mettent en avant ces cr\u00e9ations. Par ailleurs, nous conseillons ces pi\u00e8ces pour des int\u00e9rieurs exigeants partout en France. Ce <b data-path-to-node=\"27\" data-index-in-node=\"191\">mobilier haut de gamme<\/b> privil\u00e9gie la qualit\u00e9 \u00e0 l'ostentation. Il s'int\u00e8gre naturellement dans un salon priv\u00e9 ou une chambre de <b data-path-to-node=\"27\" data-index-in-node=\"318\">luxe<\/b>. En choisissant Asplund, nous garantissons une esth\u00e9tique sobre et durable \u00e0 votre espace.<\/p>\r\n<p data-path-to-node=\"28\">\u3164<\/p>\r\n\r\n<h2 data-path-to-node=\"29\">Le raffinement du design su\u00e9dois contemporain<\/h2>\r\n<p data-path-to-node=\"30\">L'histoire d'Asplund commence en 1990 \u00e0 Stockholm comme une galerie d'art et de design. Sous la direction de Michael et Thomas Asplund, la marque devient un \u00e9diteur incontournable. Elle pr\u00f4ne un style \"minimaliste chaud\" tr\u00e8s appr\u00e9ci\u00e9 des connaisseurs. La fabrication reste principalement locale pour garantir un contr\u00f4le total de la qualit\u00e9. Cette rigueur fait d'Asplund une r\u00e9f\u00e9rence du <b data-path-to-node=\"30\" data-index-in-node=\"389\">luxe<\/b> nordique.<\/p>\r\n<p data-path-to-node=\"31\">Cette r\u00e9ussite repose sur une s\u00e9lection pointue de designers et de mat\u00e9riaux nobles. En effet, la marque utilise des laques \u00e9cologiques, du ch\u00eane massif et des pierres naturelles. Cette approche s\u00e9duit les amateurs de <b data-path-to-node=\"31\" data-index-in-node=\"218\">d\u00e9coration haut de gamme<\/b> en qu\u00eate d'authenticit\u00e9. La marque \u00e9vite les tendances \u00e9ph\u00e9m\u00e8res au profit d'un dessin intemporel. Par cons\u00e9quent, chaque meuble Asplund traverse les \u00e9poques avec une \u00e9l\u00e9gance intacte.<\/p>\r\n<p data-path-to-node=\"32\">\u3164<\/p>\r\n\r\n<h2 data-path-to-node=\"33\">Rangement iconiques et collaborations cr\u00e9atives<\/h2>\r\n<p data-path-to-node=\"34\">Le catalogue Asplund est c\u00e9l\u00e8bre pour ses solutions de rangement innovantes. La s\u00e9rie <b data-path-to-node=\"34\" data-index-in-node=\"86\">Snow<\/b>, par exemple, est devenue un classique du <b data-path-to-node=\"34\" data-index-in-node=\"133\">design contemporain<\/b> mondial. Elle offre une modularit\u00e9 exemplaire pour tous les types d'int\u00e9rieurs. De m\u00eame, les collections de tapis et de tables basses structurent l'espace avec l\u00e9g\u00e8ret\u00e9. Ces pi\u00e8ces apportent une signature douce et raffin\u00e9e \u00e0 chaque projet de Bel \u0152il.<\/p>\r\n<p data-path-to-node=\"35\">Les collaborations avec des designers comme <b data-path-to-node=\"35\" data-index-in-node=\"44\">Claesson Koivisto Rune<\/b> ou Broberg &amp; Ridderstr\u00e5le sont majeures. Chaque objet t\u00e9moigne d'un souci du d\u00e9tail exceptionnel dans les finitions. Ce niveau d'exigence d\u00e9finit le <b data-path-to-node=\"35\" data-index-in-node=\"216\">mobilier de luxe<\/b> selon Asplund. Qu'il s'agisse de buffets ou d'\u00e9tag\u00e8res, la g\u00e9om\u00e9trie est toujours parfaitement \u00e9quilibr\u00e9e. Finalement, la fonction se marie \u00e0 la beaut\u00e9 pour sublimer votre quotidien.<\/p>\r\n<p data-path-to-node=\"36\">\u3164<\/p>\r\n\r\n<h2 data-path-to-node=\"37\">Pourquoi choisir Asplund pour vos projets ?<\/h2>\r\n<p data-path-to-node=\"38\">La marque su\u00e9doise propose des pi\u00e8ces qui allient caract\u00e8re et discr\u00e9tion :<\/p>\r\n\r\n<ul data-path-to-node=\"39\">\r\n \t<li>\r\n<p data-path-to-node=\"39,0,0\"><b data-path-to-node=\"39,0,0\" data-index-in-node=\"0\">Un minimalisme chaleureux :<\/b> les lignes \u00e9pur\u00e9es n'excluent jamais le confort et la convivialit\u00e9 de l'habitat.<\/p>\r\n<\/li>\r\n \t<li>\r\n<p data-path-to-node=\"39,1,0\"><b data-path-to-node=\"39,1,0\" data-index-in-node=\"0\">Une fabrication artisanale :<\/b> chaque meuble b\u00e9n\u00e9ficie d'une attention particuli\u00e8re garantissant une qualit\u00e9 de finition haut de gamme.<\/p>\r\n<\/li>\r\n \t<li>\r\n<p data-path-to-node=\"39,2,0\"><b data-path-to-node=\"39,2,0\" data-index-in-node=\"0\">Des mat\u00e9riaux durables :<\/b> l'usage de ressources naturelles s\u00e9lectionn\u00e9es assure une r\u00e9sistance optimale \u00e0 l'usage quotidien.<\/p>\r\n<\/li>\r\n \t<li>\r\n<p data-path-to-node=\"39,3,0\"><b data-path-to-node=\"39,3,0\" data-index-in-node=\"0\">Une esth\u00e9tique intemporelle :<\/b> le design Asplund ne se d\u00e9mode pas et s'int\u00e8gre dans des architectures tr\u00e8s vari\u00e9es.<\/p>\r\n<\/li>\r\n \t<li>\r\n<p data-path-to-node=\"39,4,0\"><b data-path-to-node=\"39,4,0\" data-index-in-node=\"0\">Une modularit\u00e9 intelligente :<\/b> les syst\u00e8mes de rangement s'adaptent pr\u00e9cis\u00e9ment aux dimensions et aux besoins de vos pi\u00e8ces de <b data-path-to-node=\"39,4,0\" data-index-in-node=\"126\">luxe<\/b>.<\/p>\r\n<\/li>\r\n<\/ul>\r\n<p data-path-to-node=\"40\">\u3164<\/p>\r\n\r\n<h2 data-path-to-node=\"41\">L\u2019expertise Bel \u0152il<\/h2>\r\n<p data-path-to-node=\"42\">Depuis plus de 30 ans, Bel \u0152il accompagne les projets de d\u00e9coration les plus ambitieux. Notre \u00e9quipe d'ensembliers-d\u00e9corateurs s'appuie sur une m\u00e9thodologie rigoureuse. Nous g\u00e9rons votre projet de la conception des plans jusqu'\u00e0 l'installation finale par nos techniciens.<\/p>\r\n<p data-path-to-node=\"43\">Nous mettons notre savoir-faire \u00e0 votre service pour int\u00e9grer Asplund dans un projet global et coh\u00e9rent. Notre r\u00e9seau de showrooms imagine avec vous des espaces de vie uniques et durables. En conclusion, Bel \u0152il sublime votre int\u00e9rieur gr\u00e2ce \u00e0 une s\u00e9lection de marques internationales prestigieuses.<\/p>","link":"https:\/\/www.bel-oeil.com\/en\/marque\/asplund\/","name":"Asplund","slug":"asplund","taxonomy":"pwb-brand","parent":0,"meta":[],"yoast_head":"<!-- This site is optimized with the Yoast SEO plugin v27.4 - https:\/\/yoast.com\/product\/yoast-seo-wordpress\/ -->\n<title>Mobilier Scandinave Haut Gamme et Rangement Asplund | Bel \u0152il<\/title>\n<meta name=\"description\" content=\"D\u00e9couvrez le design su\u00e9dois Asplund chez Bel \u0152il. Mobilier de luxe, rangements Snow et tapis design pour des projets d\u2019am\u00e9nagement d&#039;exception.\" \/>\n<meta name=\"robots\" content=\"index, follow, max-snippet:-1, max-image-preview:large, max-video-preview:-1\" \/>\n<link rel=\"canonical\" href=\"https:\/\/www.bel-oeil.com\/en\/marque\/asplund\/\" \/>\n<script type=\"application\/ld+json\" class=\"yoast-schema-graph\">{\"@context\":\"https:\\\/\\\/schema.org\",\"@graph\":[{\"@type\":\"CollectionPage\",\"@id\":\"https:\\\/\\\/www.bel-oeil.com\\\/en\\\/marque\\\/asplund\\\/\",\"url\":\"https:\\\/\\\/www.bel-oeil.com\\\/en\\\/marque\\\/asplund\\\/\",\"name\":\"Mobilier Scandinave Haut Gamme et Rangement Asplund | Bel \u0152il\",\"isPartOf\":{\"@id\":\"https:\\\/\\\/www.bel-oeil.com\\\/en\\\/#website\"},\"description\":\"D\u00e9couvrez le design su\u00e9dois Asplund chez Bel \u0152il. Mobilier de luxe, rangements Snow et tapis design pour des projets d\u2019am\u00e9nagement d'exception.\",\"breadcrumb\":{\"@id\":\"https:\\\/\\\/www.bel-oeil.com\\\/en\\\/marque\\\/asplund\\\/#breadcrumb\"},\"inLanguage\":\"en-US\"},{\"@type\":\"BreadcrumbList\",\"@id\":\"https:\\\/\\\/www.bel-oeil.com\\\/en\\\/marque\\\/asplund\\\/#breadcrumb\",\"itemListElement\":[{\"@type\":\"ListItem\",\"position\":1,\"name\":\"Accueil\",\"item\":\"https:\\\/\\\/www.bel-oeil.com\\\/en\\\/\"},{\"@type\":\"ListItem\",\"position\":2,\"name\":\"Asplund\"}]},{\"@type\":\"WebSite\",\"@id\":\"https:\\\/\\\/www.bel-oeil.com\\\/en\\\/#website\",\"url\":\"https:\\\/\\\/www.bel-oeil.com\\\/en\\\/\",\"name\":\"Bel-\u0152il\",\"description\":\"Born to Design\",\"publisher\":{\"@id\":\"https:\\\/\\\/www.bel-oeil.com\\\/en\\\/#organization\"},\"potentialAction\":[{\"@type\":\"SearchAction\",\"target\":{\"@type\":\"EntryPoint\",\"urlTemplate\":\"https:\\\/\\\/www.bel-oeil.com\\\/en\\\/?s={search_term_string}\"},\"query-input\":{\"@type\":\"PropertyValueSpecification\",\"valueRequired\":true,\"valueName\":\"search_term_string\"}}],\"inLanguage\":\"en-US\"},{\"@type\":\"Organization\",\"@id\":\"https:\\\/\\\/www.bel-oeil.com\\\/en\\\/#organization\",\"name\":\"Bel-\u0152il\",\"url\":\"https:\\\/\\\/www.bel-oeil.com\\\/en\\\/\",\"logo\":{\"@type\":\"ImageObject\",\"inLanguage\":\"en-US\",\"@id\":\"https:\\\/\\\/www.bel-oeil.com\\\/en\\\/#\\\/schema\\\/logo\\\/image\\\/\",\"url\":\"https:\\\/\\\/www.bel-oeil.com\\\/wp-content\\\/uploads\\\/2021\\\/10\\\/logo-bel-oeil-blanc.svg\",\"contentUrl\":\"https:\\\/\\\/www.bel-oeil.com\\\/wp-content\\\/uploads\\\/2021\\\/10\\\/logo-bel-oeil-blanc.svg\",\"caption\":\"Bel-\u0152il\"},\"image\":{\"@id\":\"https:\\\/\\\/www.bel-oeil.com\\\/en\\\/#\\\/schema\\\/logo\\\/image\\\/\"},\"sameAs\":[\"https:\\\/\\\/www.linkedin.com\\\/company\\\/beloeilinteriordesign\\\/\"]}]}<\/script>\n<!-- \/ Yoast SEO plugin. -->","yoast_head_json":{"title":"Mobilier Scandinave Haut Gamme et Rangement Asplund | Bel \u0152il","description":"D\u00e9couvrez le design su\u00e9dois Asplund chez Bel \u0152il. Mobilier de luxe, rangements Snow et tapis design pour des projets d\u2019am\u00e9nagement d'exception.","robots":{"index":"index","follow":"follow","max-snippet":"max-snippet:-1","max-image-preview":"max-image-preview:large","max-video-preview":"max-video-preview:-1"},"canonical":"https:\/\/www.bel-oeil.com\/en\/marque\/asplund\/","schema":{"@context":"https:\/\/schema.org","@graph":[{"@type":"CollectionPage","@id":"https:\/\/www.bel-oeil.com\/en\/marque\/asplund\/","url":"https:\/\/www.bel-oeil.com\/en\/marque\/asplund\/","name":"Mobilier Scandinave Haut Gamme et Rangement Asplund | Bel \u0152il","isPartOf":{"@id":"https:\/\/www.bel-oeil.com\/en\/#website"},"description":"D\u00e9couvrez le design su\u00e9dois Asplund chez Bel \u0152il. Mobilier de luxe, rangements Snow et tapis design pour des projets d\u2019am\u00e9nagement d'exception.","breadcrumb":{"@id":"https:\/\/www.bel-oeil.com\/en\/marque\/asplund\/#breadcrumb"},"inLanguage":"en-US"},{"@type":"BreadcrumbList","@id":"https:\/\/www.bel-oeil.com\/en\/marque\/asplund\/#breadcrumb","itemListElement":[{"@type":"ListItem","position":1,"name":"Accueil","item":"https:\/\/www.bel-oeil.com\/en\/"},{"@type":"ListItem","position":2,"name":"Asplund"}]},{"@type":"WebSite","@id":"https:\/\/www.bel-oeil.com\/en\/#website","url":"https:\/\/www.bel-oeil.com\/en\/","name":"Bel-\u0152il","description":"Born to Design","publisher":{"@id":"https:\/\/www.bel-oeil.com\/en\/#organization"},"potentialAction":[{"@type":"SearchAction","target":{"@type":"EntryPoint","urlTemplate":"https:\/\/www.bel-oeil.com\/en\/?s={search_term_string}"},"query-input":{"@type":"PropertyValueSpecification","valueRequired":true,"valueName":"search_term_string"}}],"inLanguage":"en-US"},{"@type":"Organization","@id":"https:\/\/www.bel-oeil.com\/en\/#organization","name":"Bel-\u0152il","url":"https:\/\/www.bel-oeil.com\/en\/","logo":{"@type":"ImageObject","inLanguage":"en-US","@id":"https:\/\/www.bel-oeil.com\/en\/#\/schema\/logo\/image\/","url":"https:\/\/www.bel-oeil.com\/wp-content\/uploads\/2021\/10\/logo-bel-oeil-blanc.svg","contentUrl":"https:\/\/www.bel-oeil.com\/wp-content\/uploads\/2021\/10\/logo-bel-oeil-blanc.svg","caption":"Bel-\u0152il"},"image":{"@id":"https:\/\/www.bel-oeil.com\/en\/#\/schema\/logo\/image\/"},"sameAs":["https:\/\/www.linkedin.com\/company\/beloeilinteriordesign\/"]}]}},"_links":{"self":[{"href":"https:\/\/www.bel-oeil.com\/en\/wp-json\/wp\/v2\/pwb-brand\/5379","targetHints":{"allow":["GET"]}}],"collection":[{"href":"https:\/\/www.bel-oeil.com\/en\/wp-json\/wp\/v2\/pwb-brand"}],"about":[{"href":"https:\/\/www.bel-oeil.com\/en\/wp-json\/wp\/v2\/taxonomies\/pwb-brand"}],"wp:post_type":[{"href":"https:\/\/www.bel-oeil.com\/en\/wp-json\/wp\/v2\/product?pwb-brand=5379"}],"curies":[{"name":"wp","href":"https:\/\/api.w.org\/{rel}","templated":true}]}}