{"id":5374,"count":3,"description":"<h1 data-path-to-node=\"25\">B-line &amp; Bel \u0152il<\/h1>\r\n<p data-path-to-node=\"26\">Bel \u0152il pr\u00e9sente les collections <b data-path-to-node=\"26\" data-index-in-node=\"33\">B-line<\/b> pour leur caract\u00e8re innovant et fonctionnel. Notre relation avec cet \u00e9diteur italien repose sur la valorisation d'ic\u00f4nes du <b data-path-to-node=\"26\" data-index-in-node=\"164\">design contemporain<\/b>. En effet, B-line r\u00e9\u00e9dite des pi\u00e8ces historiques tout en d\u00e9veloppant de nouveaux concepts. Nous choisissons ces <b data-path-to-node=\"26\" data-index-in-node=\"296\">meubles<\/b> pour leur modularit\u00e9 exemplaire et leur esth\u00e9tique affirm\u00e9e. Ils apportent une touche de cr\u00e9ativit\u00e9 \u00e0 nos projets les plus dynamiques.<\/p>\r\n<p data-path-to-node=\"27\">Nos showrooms de <b data-path-to-node=\"27\" data-index-in-node=\"17\">Nice, Cannes, Monaco, Saint-Tropez et Marseille<\/b> mettent en avant ces cr\u00e9ations. Par ailleurs, nous conseillons ces pi\u00e8ces pour des am\u00e9nagements originaux partout en France. Ce <b data-path-to-node=\"27\" data-index-in-node=\"193\">mobilier haut de gamme<\/b> privil\u00e9gie l'intelligence de l'espace. Il s'int\u00e8gre naturellement dans un bureau priv\u00e9, un salon ou une chambre de <b data-path-to-node=\"27\" data-index-in-node=\"331\">luxe<\/b>. En choisissant B-line, nous garantissons une solution de rangement ou d'assise performante.<\/p>\r\n<p data-path-to-node=\"28\">\u3164<\/p>\r\n\r\n<h2 data-path-to-node=\"29\">Le g\u00e9nie italien de la modularit\u00e9<\/h2>\r\n<p data-path-to-node=\"30\">L'histoire de B-line commence en 1999 avec l'ambition de redonner vie \u00e0 des objets cultes. La marque s'est d'abord fait conna\u00eetre en r\u00e9\u00e9ditant le c\u00e9l\u00e8bre <b data-path-to-node=\"30\" data-index-in-node=\"154\">Boby<\/b>. Depuis, elle collabore avec des designers internationaux pour enrichir son catalogue. B-line pr\u00f4ne un style graphique et polyvalent tr\u00e8s appr\u00e9ci\u00e9 des professionnels. La fabrication reste strictement italienne pour assurer une qualit\u00e9 de finition de <b data-path-to-node=\"30\" data-index-in-node=\"409\">luxe<\/b>.<\/p>\r\n<p data-path-to-node=\"31\">Cette r\u00e9ussite repose sur une recherche constante de solutions d'am\u00e9nagement flexibles. En effet, la marque utilise des polym\u00e8res de haute qualit\u00e9 et des m\u00e9taux durables. Cette approche s\u00e9duit les amateurs de <b data-path-to-node=\"31\" data-index-in-node=\"209\">d\u00e9coration haut de gamme<\/b> en qu\u00eate de fonctionnalit\u00e9. La marque transforme des besoins quotidiens en objets de <b data-path-to-node=\"31\" data-index-in-node=\"319\">design<\/b> intemporels. Par cons\u00e9quent, chaque meuble B-line optimise votre espace avec une \u00e9l\u00e9gance moderne.<\/p>\r\n<p data-path-to-node=\"32\">\u3164<\/p>\r\n\r\n<h2 data-path-to-node=\"33\">Ic\u00f4nes du rangement et assises sculpturales<\/h2>\r\n<p data-path-to-node=\"34\">Le catalogue B-line est c\u00e9l\u00e8bre pour ses meubles de rangement multifonctions. Le chariot <b data-path-to-node=\"34\" data-index-in-node=\"89\">Boby<\/b> de Joe Colombo est devenu une ic\u00f4ne mondiale du <b data-path-to-node=\"34\" data-index-in-node=\"142\">design contemporain<\/b>. Il offre une capacit\u00e9 de stockage exceptionnelle pour tous les types d'int\u00e9rieurs. De m\u00eame, les assises modulaires structurent l'espace avec une grande libert\u00e9. Ces pi\u00e8ces apportent une signature dynamique \u00e0 chaque projet de Bel \u0152il.<\/p>\r\n<p data-path-to-node=\"35\">Les collaborations avec des designers comme Karim Rashid ou Neuland Paster &amp; Geldmacher sont marquantes. Chaque objet t\u00e9moigne d'un souci du d\u00e9tail dans les m\u00e9canismes et les finitions. Ce niveau d'exigence d\u00e9finit le <b data-path-to-node=\"35\" data-index-in-node=\"218\">mobilier de luxe<\/b> selon B-line. Qu'il s'agisse de tables basses ou de fauteuils, la g\u00e9om\u00e9trie est toujours audacieuse. Finalement, la praticit\u00e9 se marie \u00e0 l'art pour sublimer votre quotidien.<\/p>\r\n<p data-path-to-node=\"36\">\u3164<\/p>\r\n\r\n<h2 data-path-to-node=\"37\">Pourquoi choisir B-line pour vos projets ?<\/h2>\r\n<p data-path-to-node=\"38\">La marque italienne propose des pi\u00e8ces qui allient ing\u00e9niosit\u00e9 et style :<\/p>\r\n\r\n<ul data-path-to-node=\"39\">\r\n \t<li>\r\n<p data-path-to-node=\"39,0,0\"><b data-path-to-node=\"39,0,0\" data-index-in-node=\"0\">Une modularit\u00e9 exceptionnelle :<\/b> les meubles de rangement s'adaptent \u00e0 vos besoins changeants au fil du temps.<\/p>\r\n<\/li>\r\n \t<li>\r\n<p data-path-to-node=\"39,1,0\"><b data-path-to-node=\"39,1,0\" data-index-in-node=\"0\">Une esth\u00e9tique graphique forte :<\/b> les lignes audacieuses apportent une personnalit\u00e9 unique \u00e0 vos pi\u00e8ces de <b data-path-to-node=\"39,1,0\" data-index-in-node=\"106\">luxe<\/b>.<\/p>\r\n<\/li>\r\n \t<li>\r\n<p data-path-to-node=\"39,2,0\"><b data-path-to-node=\"39,2,0\" data-index-in-node=\"0\">Une polyvalence d'usage :<\/b> les collections conviennent aussi bien \u00e0 l'habitat priv\u00e9 qu'aux environnements de travail.<\/p>\r\n<\/li>\r\n \t<li>\r\n<p data-path-to-node=\"39,3,0\"><b data-path-to-node=\"39,3,0\" data-index-in-node=\"0\">Des mat\u00e9riaux r\u00e9sistants :<\/b> l'usage de composants robustes assure une long\u00e9vit\u00e9 maximale \u00e0 vos installations de <b data-path-to-node=\"39,3,0\" data-index-in-node=\"111\">design<\/b>.<\/p>\r\n<\/li>\r\n \t<li>\r\n<p data-path-to-node=\"39,4,0\"><b data-path-to-node=\"39,4,0\" data-index-in-node=\"0\">Un h\u00e9ritage culturel affirm\u00e9 :<\/b> poss\u00e9der une r\u00e9\u00e9dition B-line, c'est int\u00e9grer une pi\u00e8ce d'histoire du design chez soi.<\/p>\r\n<\/li>\r\n<\/ul>\r\n<p data-path-to-node=\"40\">\u3164<\/p>\r\n\r\n<h2 data-path-to-node=\"41\">L\u2019expertise Bel \u0152il<\/h2>\r\n<p data-path-to-node=\"42\">Depuis plus de 30 ans, Bel \u0152il accompagne les projets de d\u00e9coration les plus ambitieux. Notre \u00e9quipe d'ensembliers-d\u00e9corateurs s'appuie sur une m\u00e9thodologie rigoureuse. Nous g\u00e9rons votre projet de la conception des plans jusqu'\u00e0 l'installation finale par nos techniciens.<\/p>\r\n<p data-path-to-node=\"43\">Nous mettons notre savoir-faire \u00e0 votre service pour int\u00e9grer B-line dans un projet global et coh\u00e9rent. Notre r\u00e9seau de showrooms imagine avec vous des espaces de vie uniques et durables. En conclusion, Bel \u0152il sublime votre int\u00e9rieur gr\u00e2ce \u00e0 une s\u00e9lection de marques internationales prestigieuses.<\/p>","link":"https:\/\/www.bel-oeil.com\/en\/marque\/b-line\/","name":"B-Line","slug":"b-line","taxonomy":"pwb-brand","parent":0,"meta":[],"yoast_head":"<!-- This site is optimized with the Yoast SEO plugin v27.4 - https:\/\/yoast.com\/product\/yoast-seo-wordpress\/ -->\n<title>Mobilier Design Modulaire et Rangement de Luxe B-line | Bel \u0152il<\/title>\n<meta name=\"description\" content=\"D\u00e9couvrez les collections B-line chez Bel \u0152il. Chariot Boby, mobilier de rangement design et assises de luxe pour des projets d\u2019am\u00e9nagement d&#039;exception.\" \/>\n<meta name=\"robots\" content=\"index, follow, max-snippet:-1, max-image-preview:large, max-video-preview:-1\" \/>\n<link rel=\"canonical\" href=\"https:\/\/www.bel-oeil.com\/en\/marque\/b-line\/\" \/>\n<script type=\"application\/ld+json\" class=\"yoast-schema-graph\">{\"@context\":\"https:\\\/\\\/schema.org\",\"@graph\":[{\"@type\":\"CollectionPage\",\"@id\":\"https:\\\/\\\/www.bel-oeil.com\\\/en\\\/marque\\\/b-line\\\/\",\"url\":\"https:\\\/\\\/www.bel-oeil.com\\\/en\\\/marque\\\/b-line\\\/\",\"name\":\"Mobilier Design Modulaire et Rangement de Luxe B-line | Bel \u0152il\",\"isPartOf\":{\"@id\":\"https:\\\/\\\/www.bel-oeil.com\\\/en\\\/#website\"},\"description\":\"D\u00e9couvrez les collections B-line chez Bel \u0152il. Chariot Boby, mobilier de rangement design et assises de luxe pour des projets d\u2019am\u00e9nagement d'exception.\",\"breadcrumb\":{\"@id\":\"https:\\\/\\\/www.bel-oeil.com\\\/en\\\/marque\\\/b-line\\\/#breadcrumb\"},\"inLanguage\":\"en-US\"},{\"@type\":\"BreadcrumbList\",\"@id\":\"https:\\\/\\\/www.bel-oeil.com\\\/en\\\/marque\\\/b-line\\\/#breadcrumb\",\"itemListElement\":[{\"@type\":\"ListItem\",\"position\":1,\"name\":\"Accueil\",\"item\":\"https:\\\/\\\/www.bel-oeil.com\\\/en\\\/\"},{\"@type\":\"ListItem\",\"position\":2,\"name\":\"B-Line\"}]},{\"@type\":\"WebSite\",\"@id\":\"https:\\\/\\\/www.bel-oeil.com\\\/en\\\/#website\",\"url\":\"https:\\\/\\\/www.bel-oeil.com\\\/en\\\/\",\"name\":\"Bel-\u0152il\",\"description\":\"Born to Design\",\"publisher\":{\"@id\":\"https:\\\/\\\/www.bel-oeil.com\\\/en\\\/#organization\"},\"potentialAction\":[{\"@type\":\"SearchAction\",\"target\":{\"@type\":\"EntryPoint\",\"urlTemplate\":\"https:\\\/\\\/www.bel-oeil.com\\\/en\\\/?s={search_term_string}\"},\"query-input\":{\"@type\":\"PropertyValueSpecification\",\"valueRequired\":true,\"valueName\":\"search_term_string\"}}],\"inLanguage\":\"en-US\"},{\"@type\":\"Organization\",\"@id\":\"https:\\\/\\\/www.bel-oeil.com\\\/en\\\/#organization\",\"name\":\"Bel-\u0152il\",\"url\":\"https:\\\/\\\/www.bel-oeil.com\\\/en\\\/\",\"logo\":{\"@type\":\"ImageObject\",\"inLanguage\":\"en-US\",\"@id\":\"https:\\\/\\\/www.bel-oeil.com\\\/en\\\/#\\\/schema\\\/logo\\\/image\\\/\",\"url\":\"https:\\\/\\\/www.bel-oeil.com\\\/wp-content\\\/uploads\\\/2021\\\/10\\\/logo-bel-oeil-blanc.svg\",\"contentUrl\":\"https:\\\/\\\/www.bel-oeil.com\\\/wp-content\\\/uploads\\\/2021\\\/10\\\/logo-bel-oeil-blanc.svg\",\"caption\":\"Bel-\u0152il\"},\"image\":{\"@id\":\"https:\\\/\\\/www.bel-oeil.com\\\/en\\\/#\\\/schema\\\/logo\\\/image\\\/\"},\"sameAs\":[\"https:\\\/\\\/www.linkedin.com\\\/company\\\/beloeilinteriordesign\\\/\"]}]}<\/script>\n<!-- \/ Yoast SEO plugin. -->","yoast_head_json":{"title":"Mobilier Design Modulaire et Rangement de Luxe B-line | Bel \u0152il","description":"D\u00e9couvrez les collections B-line chez Bel \u0152il. Chariot Boby, mobilier de rangement design et assises de luxe pour des projets d\u2019am\u00e9nagement d'exception.","robots":{"index":"index","follow":"follow","max-snippet":"max-snippet:-1","max-image-preview":"max-image-preview:large","max-video-preview":"max-video-preview:-1"},"canonical":"https:\/\/www.bel-oeil.com\/en\/marque\/b-line\/","schema":{"@context":"https:\/\/schema.org","@graph":[{"@type":"CollectionPage","@id":"https:\/\/www.bel-oeil.com\/en\/marque\/b-line\/","url":"https:\/\/www.bel-oeil.com\/en\/marque\/b-line\/","name":"Mobilier Design Modulaire et Rangement de Luxe B-line | Bel \u0152il","isPartOf":{"@id":"https:\/\/www.bel-oeil.com\/en\/#website"},"description":"D\u00e9couvrez les collections B-line chez Bel \u0152il. Chariot Boby, mobilier de rangement design et assises de luxe pour des projets d\u2019am\u00e9nagement d'exception.","breadcrumb":{"@id":"https:\/\/www.bel-oeil.com\/en\/marque\/b-line\/#breadcrumb"},"inLanguage":"en-US"},{"@type":"BreadcrumbList","@id":"https:\/\/www.bel-oeil.com\/en\/marque\/b-line\/#breadcrumb","itemListElement":[{"@type":"ListItem","position":1,"name":"Accueil","item":"https:\/\/www.bel-oeil.com\/en\/"},{"@type":"ListItem","position":2,"name":"B-Line"}]},{"@type":"WebSite","@id":"https:\/\/www.bel-oeil.com\/en\/#website","url":"https:\/\/www.bel-oeil.com\/en\/","name":"Bel-\u0152il","description":"Born to Design","publisher":{"@id":"https:\/\/www.bel-oeil.com\/en\/#organization"},"potentialAction":[{"@type":"SearchAction","target":{"@type":"EntryPoint","urlTemplate":"https:\/\/www.bel-oeil.com\/en\/?s={search_term_string}"},"query-input":{"@type":"PropertyValueSpecification","valueRequired":true,"valueName":"search_term_string"}}],"inLanguage":"en-US"},{"@type":"Organization","@id":"https:\/\/www.bel-oeil.com\/en\/#organization","name":"Bel-\u0152il","url":"https:\/\/www.bel-oeil.com\/en\/","logo":{"@type":"ImageObject","inLanguage":"en-US","@id":"https:\/\/www.bel-oeil.com\/en\/#\/schema\/logo\/image\/","url":"https:\/\/www.bel-oeil.com\/wp-content\/uploads\/2021\/10\/logo-bel-oeil-blanc.svg","contentUrl":"https:\/\/www.bel-oeil.com\/wp-content\/uploads\/2021\/10\/logo-bel-oeil-blanc.svg","caption":"Bel-\u0152il"},"image":{"@id":"https:\/\/www.bel-oeil.com\/en\/#\/schema\/logo\/image\/"},"sameAs":["https:\/\/www.linkedin.com\/company\/beloeilinteriordesign\/"]}]}},"_links":{"self":[{"href":"https:\/\/www.bel-oeil.com\/en\/wp-json\/wp\/v2\/pwb-brand\/5374","targetHints":{"allow":["GET"]}}],"collection":[{"href":"https:\/\/www.bel-oeil.com\/en\/wp-json\/wp\/v2\/pwb-brand"}],"about":[{"href":"https:\/\/www.bel-oeil.com\/en\/wp-json\/wp\/v2\/taxonomies\/pwb-brand"}],"wp:post_type":[{"href":"https:\/\/www.bel-oeil.com\/en\/wp-json\/wp\/v2\/product?pwb-brand=5374"}],"curies":[{"name":"wp","href":"https:\/\/api.w.org\/{rel}","templated":true}]}}