{"id":5223,"count":11,"description":"<h1 data-path-to-node=\"46\">Walter Knoll &amp; Bel \u0152il<\/h1>\r\n<p data-path-to-node=\"47\">Bel \u0152il pr\u00e9sente les collections <b data-path-to-node=\"47\" data-index-in-node=\"33\">Walter Knoll<\/b> pour leur \u00e9l\u00e9gance magistrale et leur h\u00e9ritage prestigieux au sein du modernisme allemand. Notre relation avec cette manufacture bicentenaire repose sur l'appr\u00e9ciation d'un artisanat d'\u00e9lite et de mat\u00e9riaux d'une qualit\u00e9 exceptionnelle. Nous s\u00e9lectionnons ces <b data-path-to-node=\"47\" data-index-in-node=\"306\">meubles<\/b> pour leur pr\u00e9cision g\u00e9om\u00e9trique et leur confort souverain. Ils apportent une dimension de <b data-path-to-node=\"47\" data-index-in-node=\"404\">luxe<\/b> discret et une autorit\u00e9 esth\u00e9tique \u00e0 nos projets d'am\u00e9nagement les plus sophistiqu\u00e9s, des r\u00e9sidences priv\u00e9es aux espaces de direction.<\/p>\r\n<p data-path-to-node=\"48\">Nos showrooms de <b data-path-to-node=\"48\" data-index-in-node=\"17\">Nice, Cannes, Monaco, Saint-Tropez et Marseille<\/b> exposent ces cr\u00e9ations qui marient cuir noble et structures architecturales. Par ailleurs, notre bureau d'\u00e9tude int\u00e8gre ces solutions partout en France pour des clients en qu\u00eate d'excellence. Ce <b data-path-to-node=\"48\" data-index-in-node=\"260\">mobilier haut de gamme<\/b> incarne l'\u00e9quilibre parfait entre l'innovation technologique et le savoir-faire manuel traditionnel. En choisissant Walter Knoll, vous investissez dans des pi\u00e8ces de haute facture qui symbolisent la culture du design europ\u00e9en.<\/p>\r\n<p data-path-to-node=\"49\">\u3164<\/p>\r\n\r\n<h2 data-path-to-node=\"50\">L'excellence allemande et le luxe de la mati\u00e8re<\/h2>\r\n<p data-path-to-node=\"51\">L'histoire de Walter Knoll remonte \u00e0 1865, faisant de la famille Knoll l'une des plus influentes du design mondial. Distincte de la branche am\u00e9ricaine, la marque Walter Knoll a su p\u00e9renniser les principes du modernisme en y injectant une exigence de confort absolu. Elle se distingue par une ma\u00eetrise unique du travail du cuir et des bois pr\u00e9cieux de <b data-path-to-node=\"51\" data-index-in-node=\"351\">luxe<\/b>. Cette approche fait de Walter Knoll la r\u00e9f\u00e9rence mondiale du <b data-path-to-node=\"51\" data-index-in-node=\"418\">design contemporain<\/b> pour les environnements de prestige.<\/p>\r\n<p data-path-to-node=\"52\">Cette r\u00e9ussite s'appuie sur une philosophie o\u00f9 chaque d\u00e9tail de couture et chaque assemblage est trait\u00e9 avec une pr\u00e9cision horlog\u00e8re. En effet, Walter Knoll collabore avec des architectes de renomm\u00e9e mondiale pour cr\u00e9er des objets qui structurent l'espace. Cette rigueur s\u00e9duit les amateurs de <b data-path-to-node=\"52\" data-index-in-node=\"294\">d\u00e9coration haut de gamme<\/b> en qu\u00eate d'une \u00e9l\u00e9gance sans ostentation. La marque continue d'\u00e9voluer en d\u00e9veloppant des syst\u00e8mes de canap\u00e9s et de bureaux \u00e0 la pointe de l'ergonomie. Par cons\u00e9quent, chaque pi\u00e8ce devient un \u00e9l\u00e9ment central de votre patrimoine esth\u00e9tique.<\/p>\r\n<p data-path-to-node=\"53\">\u3164<\/p>\r\n\r\n<h2 data-path-to-node=\"54\">Des ic\u00f4nes architecturales aux signatures contemporaines<\/h2>\r\n<p data-path-to-node=\"55\">Le r\u00e9pertoire de Walter Knoll rassemble des mod\u00e8les que nous utilisons fr\u00e9quemment pour signer des projets de luxe au caract\u00e8re affirm\u00e9. Les cr\u00e9ations de <b data-path-to-node=\"55\" data-index-in-node=\"154\">Norman Foster<\/b> ou de Pearson Lloyd sont des jalons essentiels pour meubler les espaces les plus vastes avec l\u00e9g\u00e8ret\u00e9. De m\u00eame, les canap\u00e9s de la ligne <b data-path-to-node=\"55\" data-index-in-node=\"304\">Foster 500<\/b> ou les fauteuils <b data-path-to-node=\"55\" data-index-in-node=\"332\">FK<\/b> apportent une pr\u00e9sence graphique unique \u00e0 chaque projet de Bel \u0152il. Ces pi\u00e8ces offrent une identit\u00e9 visuelle puissante et un confort in\u00e9gal\u00e9.<\/p>\r\n<p data-path-to-node=\"56\">Aujourd'hui, la marque collabore avec des signatures comme EOOS pour r\u00e9inventer les codes de l'habitat contemporain. Leurs cr\u00e9ations dialoguent parfaitement avec les architectures modernes et les mat\u00e9riaux min\u00e9raux, offrant une vision transversale de la <b data-path-to-node=\"56\" data-index-in-node=\"254\">d\u00e9coration d'exception<\/b>. Qu'il s'agisse d'un salon de r\u00e9ception majestueux ou d'un bureau de direction, l'exigence de finition est absolue. Finalement, la noblesse du cuir pleine fleur et la puret\u00e9 des lignes subliment votre quotidien.<\/p>\r\n<p data-path-to-node=\"57\">\u3164<\/p>\r\n\r\n<h2 data-path-to-node=\"58\">Pourquoi choisir Walter Knoll pour vos projets ?<\/h2>\r\n<p data-path-to-node=\"59\">La marque propose des solutions qui allient prestige industriel et qualit\u00e9 d'ex\u00e9cution :<\/p>\r\n\r\n<ul data-path-to-node=\"60\">\r\n \t<li>\r\n<p data-path-to-node=\"60,0,0\"><b data-path-to-node=\"60,0,0\" data-index-in-node=\"0\">Un savoir-faire cuir in\u00e9gal\u00e9 :<\/b> la s\u00e9lection et le travail des peaux garantissent un toucher et une patine d'une qualit\u00e9 de <b data-path-to-node=\"60,0,0\" data-index-in-node=\"123\">luxe<\/b> sup\u00e9rieure.<\/p>\r\n<\/li>\r\n \t<li>\r\n<p data-path-to-node=\"60,1,0\"><b data-path-to-node=\"60,1,0\" data-index-in-node=\"0\">Un confort architectural :<\/b> les assises sont con\u00e7ues pour offrir un maintien parfait tout en conservant une silhouette aff\u00fbt\u00e9e.<\/p>\r\n<\/li>\r\n \t<li>\r\n<p data-path-to-node=\"60,2,0\"><b data-path-to-node=\"60,2,0\" data-index-in-node=\"0\">Une fabrication allemande d'\u00e9lite :<\/b> la pr\u00e9cision des assemblages et la robustesse des structures assurent une durabilit\u00e9 exceptionnelle.<\/p>\r\n<\/li>\r\n \t<li>\r\n<p data-path-to-node=\"60,3,0\"><b data-path-to-node=\"60,3,0\" data-index-in-node=\"0\">Une esth\u00e9tique de direction :<\/b> le design Walter Knoll apporte une image de r\u00e9ussite et de distinction \u00e0 vos espaces professionnels.<\/p>\r\n<\/li>\r\n \t<li>\r\n<p data-path-to-node=\"60,4,0\"><b data-path-to-node=\"60,4,0\" data-index-in-node=\"0\">Une approche durable :<\/b> l'usage de mat\u00e9riaux naturels certifi\u00e9s et une production responsable valorisent votre investissement.<\/p>\r\n<\/li>\r\n<\/ul>\r\n<p data-path-to-node=\"61\">\u3164<\/p>\r\n\r\n<h2 data-path-to-node=\"62\">L\u2019expertise Bel \u0152il<\/h2>\r\n<p data-path-to-node=\"63\">Depuis plus de 30 ans, Bel \u0152il accompagne les projets de <b data-path-to-node=\"63\" data-index-in-node=\"57\">d\u00e9coration d'exception<\/b>. Notre \u00e9quipe d'ensembliers-d\u00e9corateurs s'appuie sur une m\u00e9thodologie rigoureuse. Nous g\u00e9rons votre projet de la s\u00e9lection des finitions cuir jusqu'\u00e0 l'installation finale par nos techniciens qualifi\u00e9s.<\/p>\r\n<p data-path-to-node=\"64\">Nous mettons notre savoir-faire \u00e0 votre service pour int\u00e9grer Walter Knoll dans un projet global coh\u00e9rent. Notre r\u00e9seau de showrooms et notre bureau d'\u00e9tude imaginent vos futurs espaces de vie. En conclusion, Bel \u0152il sublime votre int\u00e9rieur avec le meilleur du <b data-path-to-node=\"64\" data-index-in-node=\"261\">design<\/b> international.<\/p>","link":"https:\/\/www.bel-oeil.com\/en\/marque\/walter-knoll\/","name":"Walter Knoll","slug":"walter-knoll","taxonomy":"pwb-brand","parent":0,"meta":[],"yoast_head":"<!-- This site is optimized with the Yoast SEO plugin v27.4 - https:\/\/yoast.com\/product\/yoast-seo-wordpress\/ -->\n<title>Mobilier de Luxe et Design Allemand Walter Knoll | Bel \u0152il<\/title>\n<meta name=\"description\" content=\"D\u00e9couvrez Walter Knoll chez Bel \u0152il. Fauteuils FK, canap\u00e9s en cuir de luxe et mobilier haut de gamme allemand pour des projets d\u2019am\u00e9nagement de prestige.\" \/>\n<meta name=\"robots\" content=\"index, follow, max-snippet:-1, max-image-preview:large, max-video-preview:-1\" \/>\n<link rel=\"canonical\" href=\"https:\/\/www.bel-oeil.com\/en\/marque\/walter-knoll\/\" \/>\n<script type=\"application\/ld+json\" class=\"yoast-schema-graph\">{\"@context\":\"https:\\\/\\\/schema.org\",\"@graph\":[{\"@type\":\"CollectionPage\",\"@id\":\"https:\\\/\\\/www.bel-oeil.com\\\/en\\\/marque\\\/walter-knoll\\\/\",\"url\":\"https:\\\/\\\/www.bel-oeil.com\\\/en\\\/marque\\\/walter-knoll\\\/\",\"name\":\"Mobilier de Luxe et Design Allemand Walter Knoll | Bel \u0152il\",\"isPartOf\":{\"@id\":\"https:\\\/\\\/www.bel-oeil.com\\\/en\\\/#website\"},\"description\":\"D\u00e9couvrez Walter Knoll chez Bel \u0152il. Fauteuils FK, canap\u00e9s en cuir de luxe et mobilier haut de gamme allemand pour des projets d\u2019am\u00e9nagement de prestige.\",\"breadcrumb\":{\"@id\":\"https:\\\/\\\/www.bel-oeil.com\\\/en\\\/marque\\\/walter-knoll\\\/#breadcrumb\"},\"inLanguage\":\"en-US\"},{\"@type\":\"BreadcrumbList\",\"@id\":\"https:\\\/\\\/www.bel-oeil.com\\\/en\\\/marque\\\/walter-knoll\\\/#breadcrumb\",\"itemListElement\":[{\"@type\":\"ListItem\",\"position\":1,\"name\":\"Accueil\",\"item\":\"https:\\\/\\\/www.bel-oeil.com\\\/en\\\/\"},{\"@type\":\"ListItem\",\"position\":2,\"name\":\"Walter Knoll\"}]},{\"@type\":\"WebSite\",\"@id\":\"https:\\\/\\\/www.bel-oeil.com\\\/en\\\/#website\",\"url\":\"https:\\\/\\\/www.bel-oeil.com\\\/en\\\/\",\"name\":\"Bel-\u0152il\",\"description\":\"Born to Design\",\"publisher\":{\"@id\":\"https:\\\/\\\/www.bel-oeil.com\\\/en\\\/#organization\"},\"potentialAction\":[{\"@type\":\"SearchAction\",\"target\":{\"@type\":\"EntryPoint\",\"urlTemplate\":\"https:\\\/\\\/www.bel-oeil.com\\\/en\\\/?s={search_term_string}\"},\"query-input\":{\"@type\":\"PropertyValueSpecification\",\"valueRequired\":true,\"valueName\":\"search_term_string\"}}],\"inLanguage\":\"en-US\"},{\"@type\":\"Organization\",\"@id\":\"https:\\\/\\\/www.bel-oeil.com\\\/en\\\/#organization\",\"name\":\"Bel-\u0152il\",\"url\":\"https:\\\/\\\/www.bel-oeil.com\\\/en\\\/\",\"logo\":{\"@type\":\"ImageObject\",\"inLanguage\":\"en-US\",\"@id\":\"https:\\\/\\\/www.bel-oeil.com\\\/en\\\/#\\\/schema\\\/logo\\\/image\\\/\",\"url\":\"https:\\\/\\\/www.bel-oeil.com\\\/wp-content\\\/uploads\\\/2021\\\/10\\\/logo-bel-oeil-blanc.svg\",\"contentUrl\":\"https:\\\/\\\/www.bel-oeil.com\\\/wp-content\\\/uploads\\\/2021\\\/10\\\/logo-bel-oeil-blanc.svg\",\"caption\":\"Bel-\u0152il\"},\"image\":{\"@id\":\"https:\\\/\\\/www.bel-oeil.com\\\/en\\\/#\\\/schema\\\/logo\\\/image\\\/\"},\"sameAs\":[\"https:\\\/\\\/www.linkedin.com\\\/company\\\/beloeilinteriordesign\\\/\"]}]}<\/script>\n<!-- \/ Yoast SEO plugin. -->","yoast_head_json":{"title":"Mobilier de Luxe et Design Allemand Walter Knoll | Bel \u0152il","description":"D\u00e9couvrez Walter Knoll chez Bel \u0152il. Fauteuils FK, canap\u00e9s en cuir de luxe et mobilier haut de gamme allemand pour des projets d\u2019am\u00e9nagement de prestige.","robots":{"index":"index","follow":"follow","max-snippet":"max-snippet:-1","max-image-preview":"max-image-preview:large","max-video-preview":"max-video-preview:-1"},"canonical":"https:\/\/www.bel-oeil.com\/en\/marque\/walter-knoll\/","schema":{"@context":"https:\/\/schema.org","@graph":[{"@type":"CollectionPage","@id":"https:\/\/www.bel-oeil.com\/en\/marque\/walter-knoll\/","url":"https:\/\/www.bel-oeil.com\/en\/marque\/walter-knoll\/","name":"Mobilier de Luxe et Design Allemand Walter Knoll | Bel \u0152il","isPartOf":{"@id":"https:\/\/www.bel-oeil.com\/en\/#website"},"description":"D\u00e9couvrez Walter Knoll chez Bel \u0152il. Fauteuils FK, canap\u00e9s en cuir de luxe et mobilier haut de gamme allemand pour des projets d\u2019am\u00e9nagement de prestige.","breadcrumb":{"@id":"https:\/\/www.bel-oeil.com\/en\/marque\/walter-knoll\/#breadcrumb"},"inLanguage":"en-US"},{"@type":"BreadcrumbList","@id":"https:\/\/www.bel-oeil.com\/en\/marque\/walter-knoll\/#breadcrumb","itemListElement":[{"@type":"ListItem","position":1,"name":"Accueil","item":"https:\/\/www.bel-oeil.com\/en\/"},{"@type":"ListItem","position":2,"name":"Walter Knoll"}]},{"@type":"WebSite","@id":"https:\/\/www.bel-oeil.com\/en\/#website","url":"https:\/\/www.bel-oeil.com\/en\/","name":"Bel-\u0152il","description":"Born to Design","publisher":{"@id":"https:\/\/www.bel-oeil.com\/en\/#organization"},"potentialAction":[{"@type":"SearchAction","target":{"@type":"EntryPoint","urlTemplate":"https:\/\/www.bel-oeil.com\/en\/?s={search_term_string}"},"query-input":{"@type":"PropertyValueSpecification","valueRequired":true,"valueName":"search_term_string"}}],"inLanguage":"en-US"},{"@type":"Organization","@id":"https:\/\/www.bel-oeil.com\/en\/#organization","name":"Bel-\u0152il","url":"https:\/\/www.bel-oeil.com\/en\/","logo":{"@type":"ImageObject","inLanguage":"en-US","@id":"https:\/\/www.bel-oeil.com\/en\/#\/schema\/logo\/image\/","url":"https:\/\/www.bel-oeil.com\/wp-content\/uploads\/2021\/10\/logo-bel-oeil-blanc.svg","contentUrl":"https:\/\/www.bel-oeil.com\/wp-content\/uploads\/2021\/10\/logo-bel-oeil-blanc.svg","caption":"Bel-\u0152il"},"image":{"@id":"https:\/\/www.bel-oeil.com\/en\/#\/schema\/logo\/image\/"},"sameAs":["https:\/\/www.linkedin.com\/company\/beloeilinteriordesign\/"]}]}},"_links":{"self":[{"href":"https:\/\/www.bel-oeil.com\/en\/wp-json\/wp\/v2\/pwb-brand\/5223","targetHints":{"allow":["GET"]}}],"collection":[{"href":"https:\/\/www.bel-oeil.com\/en\/wp-json\/wp\/v2\/pwb-brand"}],"about":[{"href":"https:\/\/www.bel-oeil.com\/en\/wp-json\/wp\/v2\/taxonomies\/pwb-brand"}],"wp:post_type":[{"href":"https:\/\/www.bel-oeil.com\/en\/wp-json\/wp\/v2\/product?pwb-brand=5223"}],"curies":[{"name":"wp","href":"https:\/\/api.w.org\/{rel}","templated":true}]}}