{"id":5220,"count":2,"description":"<h1 data-path-to-node=\"25\">Herman Miller &amp; Bel \u0152il<\/h1>\r\n<p data-path-to-node=\"26\">Bel \u0152il pr\u00e9sente les collections <b data-path-to-node=\"26\" data-index-in-node=\"33\">Herman Miller<\/b> pour leur r\u00f4le fondateur dans l'histoire du design moderne. Notre relation avec cet \u00e9diteur am\u00e9ricain repose sur une qu\u00eate incessante d'innovation ergonomique. En effet, Herman Miller a r\u00e9volutionn\u00e9 l'espace de bureau et l'habitat priv\u00e9 avec des pi\u00e8ces visionnaires. Nous choisissons ces <b data-path-to-node=\"26\" data-index-in-node=\"335\">si\u00e8ges de bureau<\/b> et ce mobilier pour leur confort scientifique et leur ligne intemporelle. Ils constituent des piliers de nos projets de <b data-path-to-node=\"26\" data-index-in-node=\"472\">luxe<\/b>.<\/p>\r\n<p data-path-to-node=\"27\">Nos showrooms de <b data-path-to-node=\"27\" data-index-in-node=\"17\">Nice, Cannes, Monaco, Saint-Tropez et Marseille<\/b> exposent ces ic\u00f4nes du XXe si\u00e8cle. Par ailleurs, notre expertise nous permet d'\u00e9quiper vos espaces partout en France. Ce <b data-path-to-node=\"27\" data-index-in-node=\"186\">mobilier haut de gamme<\/b> privil\u00e9gie le bien-\u00eatre de l'utilisateur et la p\u00e9rennit\u00e9 des mat\u00e9riaux. Il s'int\u00e8gre naturellement dans un bureau de direction ou un salon de collectionneur. En choisissant Herman Miller, vous garantissez une excellence historique et technique \u00e0 votre environnement.<\/p>\r\n<p data-path-to-node=\"28\">\u3164<\/p>\r\n\r\n<h2 data-path-to-node=\"29\">Un si\u00e8cle d'innovation et de design durable<\/h2>\r\n<p data-path-to-node=\"30\">L'histoire d'Herman Miller est jalonn\u00e9e de collaborations avec les plus grands ma\u00eetres du design mondial. La marque s'est distingu\u00e9e par sa capacit\u00e9 \u00e0 industrialiser des concepts r\u00e9volutionnaires. Elle a su transformer la recherche sur la posture humaine en objets d'une beaut\u00e9 fonctionnelle absolue. Cette rigueur fait d'Herman Miller une r\u00e9f\u00e9rence mondiale du <b data-path-to-node=\"30\" data-index-in-node=\"362\">design contemporain<\/b>. Chaque produit est con\u00e7u pour minimiser son impact environnemental tout en maximisant sa dur\u00e9e de vie.<\/p>\r\n<p data-path-to-node=\"31\">Cette r\u00e9ussite repose sur une curiosit\u00e9 permanente pour l'\u00e9volution des modes de travail et de vie. En effet, la marque collabore avec des ergonomes et des architectes pour anticiper le futur. Cette approche s\u00e9duit les entreprises de <b data-path-to-node=\"31\" data-index-in-node=\"234\">luxe<\/b> et les particuliers exigeants. La marque refuse le compromis entre performance technique et esth\u00e9tique. Par cons\u00e9quent, chaque pi\u00e8ce Herman Miller devient un investissement s\u00fbr pour votre confort et votre patrimoine.<\/p>\r\n<p data-path-to-node=\"32\">\u3164<\/p>\r\n\r\n<h2 data-path-to-node=\"33\">Ic\u00f4nes Eames, Aeron et le g\u00e9nie de Nelson<\/h2>\r\n<p data-path-to-node=\"34\">Le catalogue Herman Miller regorge de chefs-d'\u0153uvre reconnus par les mus\u00e9es d'art moderne. Le c\u00e9l\u00e8bre <b data-path-to-node=\"34\" data-index-in-node=\"102\">Eames Lounge Chair<\/b> et la chaise <b data-path-to-node=\"34\" data-index-in-node=\"134\">Aeron<\/b> sont des symboles mondiaux du confort de <b data-path-to-node=\"34\" data-index-in-node=\"181\">luxe<\/b>. De m\u00eame, les bureaux et les biblioth\u00e8ques de George Nelson structurent l'espace avec une \u00e9l\u00e9gance architecturale. Ces pi\u00e8ces apportent une signature culturelle incomparable \u00e0 chaque projet de Bel \u0152il.<\/p>\r\n<p data-path-to-node=\"35\">Les cr\u00e9ations de designers contemporains comme Yves B\u00e9har ou Bill Stumpf poursuivent cet h\u00e9ritage d'excellence. Chaque objet t\u00e9moigne d'une ma\u00eetrise parfaite des m\u00e9canismes et des mat\u00e9riaux durables. Ce niveau d'exigence d\u00e9finit le <b data-path-to-node=\"35\" data-index-in-node=\"232\">mobilier de luxe<\/b> selon Herman Miller. Qu'il s'agisse de fauteuils de direction ou de mobilier r\u00e9sidentiel, l'harmonie est totale. Finalement, la science de l'assise se marie \u00e0 l'art pour sublimer votre quotidien.<\/p>\r\n<p data-path-to-node=\"36\">\u3164<\/p>\r\n\r\n<h2 data-path-to-node=\"37\">Pourquoi choisir Herman Miller pour vos projets ?<\/h2>\r\n<p data-path-to-node=\"38\">La marque am\u00e9ricaine propose des pi\u00e8ces qui allient prestige et performance ergonomique :<\/p>\r\n\r\n<ul data-path-to-node=\"39\">\r\n \t<li>\r\n<p data-path-to-node=\"39,0,0\"><b data-path-to-node=\"39,0,0\" data-index-in-node=\"0\">Une ergonomie de pointe :<\/b> les si\u00e8ges comme l'Aeron ou l'Embody offrent un soutien morphologique in\u00e9gal\u00e9 pour le travail.<\/p>\r\n<\/li>\r\n \t<li>\r\n<p data-path-to-node=\"39,1,0\"><b data-path-to-node=\"39,1,0\" data-index-in-node=\"0\">Une valeur patrimoniale historique :<\/b> poss\u00e9der une r\u00e9\u00e9dition originale des Eames apporte un prestige culturel \u00e0 votre habitat de <b data-path-to-node=\"39,1,0\" data-index-in-node=\"128\">luxe<\/b>.<\/p>\r\n<\/li>\r\n \t<li>\r\n<p data-path-to-node=\"39,2,0\"><b data-path-to-node=\"39,2,0\" data-index-in-node=\"0\">Une durabilit\u00e9 exceptionnelle :<\/b> la qualit\u00e9 des composants garantit une utilisation intensive durant plusieurs d\u00e9cennies.<\/p>\r\n<\/li>\r\n \t<li>\r\n<p data-path-to-node=\"39,3,0\"><b data-path-to-node=\"39,3,0\" data-index-in-node=\"0\">Un design intemporel :<\/b> les lignes cr\u00e9\u00e9es il y a 60 ans restent d'une modernit\u00e9 absolue dans les int\u00e9rieurs d'aujourd'hui.<\/p>\r\n<\/li>\r\n \t<li>\r\n<p data-path-to-node=\"39,4,0\"><b data-path-to-node=\"39,4,0\" data-index-in-node=\"0\">Un engagement \u00e9cologique fort :<\/b> la conception orient\u00e9e vers le recyclage et la r\u00e9parabilit\u00e9 respecte l'environnement.<\/p>\r\n<\/li>\r\n<\/ul>\r\n<p data-path-to-node=\"40\">\u3164<\/p>\r\n\r\n<h2 data-path-to-node=\"41\">L\u2019expertise Bel \u0152il<\/h2>\r\n<p data-path-to-node=\"42\">Depuis plus de 30 ans, Bel \u0152il accompagne les projets de <b data-path-to-node=\"42\" data-index-in-node=\"57\">d\u00e9coration d'exception<\/b> et d'am\u00e9nagement tertiaire. Notre \u00e9quipe d'ensembliers-d\u00e9corateurs s'appuie sur une m\u00e9thodologie rigoureuse. Nous g\u00e9rons votre projet de l'\u00e9tude d'espace jusqu'\u00e0 l'installation finale par nos techniciens.<\/p>\r\n<p data-path-to-node=\"43\">Nous mettons notre savoir-faire \u00e0 votre service pour int\u00e9grer Herman Miller dans un projet global coh\u00e9rent. Notre r\u00e9seau de showrooms imagine avec vous des espaces de vie et de travail uniques. En conclusion, Bel \u0152il sublime votre environnement avec le meilleur du <b data-path-to-node=\"43\" data-index-in-node=\"265\">design<\/b> international.<\/p>","link":"https:\/\/www.bel-oeil.com\/en\/marque\/herman-miller\/","name":"Herman Miller","slug":"herman-miller","taxonomy":"pwb-brand","parent":0,"meta":[],"yoast_head":"<!-- This site is optimized with the Yoast SEO plugin v27.4 - https:\/\/yoast.com\/product\/yoast-seo-wordpress\/ -->\n<title>Mobilier Design de Luxe et Si\u00e8ge Aeron Herman Miller | Bel \u0152il<\/title>\n<meta name=\"description\" content=\"D\u00e9couvrez Herman Miller chez Bel \u0152il. Eames Lounge Chair, si\u00e8ge Aeron et mobilier de luxe am\u00e9ricain pour des projets d\u2019am\u00e9nagement d&#039;exception.\" \/>\n<meta name=\"robots\" content=\"index, follow, max-snippet:-1, max-image-preview:large, max-video-preview:-1\" \/>\n<link rel=\"canonical\" href=\"https:\/\/www.bel-oeil.com\/en\/marque\/herman-miller\/\" \/>\n<script type=\"application\/ld+json\" class=\"yoast-schema-graph\">{\"@context\":\"https:\\\/\\\/schema.org\",\"@graph\":[{\"@type\":\"CollectionPage\",\"@id\":\"https:\\\/\\\/www.bel-oeil.com\\\/en\\\/marque\\\/herman-miller\\\/\",\"url\":\"https:\\\/\\\/www.bel-oeil.com\\\/en\\\/marque\\\/herman-miller\\\/\",\"name\":\"Mobilier Design de Luxe et Si\u00e8ge Aeron Herman Miller | Bel \u0152il\",\"isPartOf\":{\"@id\":\"https:\\\/\\\/www.bel-oeil.com\\\/en\\\/#website\"},\"description\":\"D\u00e9couvrez Herman Miller chez Bel \u0152il. Eames Lounge Chair, si\u00e8ge Aeron et mobilier de luxe am\u00e9ricain pour des projets d\u2019am\u00e9nagement d'exception.\",\"breadcrumb\":{\"@id\":\"https:\\\/\\\/www.bel-oeil.com\\\/en\\\/marque\\\/herman-miller\\\/#breadcrumb\"},\"inLanguage\":\"en-US\"},{\"@type\":\"BreadcrumbList\",\"@id\":\"https:\\\/\\\/www.bel-oeil.com\\\/en\\\/marque\\\/herman-miller\\\/#breadcrumb\",\"itemListElement\":[{\"@type\":\"ListItem\",\"position\":1,\"name\":\"Accueil\",\"item\":\"https:\\\/\\\/www.bel-oeil.com\\\/en\\\/\"},{\"@type\":\"ListItem\",\"position\":2,\"name\":\"Herman Miller\"}]},{\"@type\":\"WebSite\",\"@id\":\"https:\\\/\\\/www.bel-oeil.com\\\/en\\\/#website\",\"url\":\"https:\\\/\\\/www.bel-oeil.com\\\/en\\\/\",\"name\":\"Bel-\u0152il\",\"description\":\"Born to Design\",\"publisher\":{\"@id\":\"https:\\\/\\\/www.bel-oeil.com\\\/en\\\/#organization\"},\"potentialAction\":[{\"@type\":\"SearchAction\",\"target\":{\"@type\":\"EntryPoint\",\"urlTemplate\":\"https:\\\/\\\/www.bel-oeil.com\\\/en\\\/?s={search_term_string}\"},\"query-input\":{\"@type\":\"PropertyValueSpecification\",\"valueRequired\":true,\"valueName\":\"search_term_string\"}}],\"inLanguage\":\"en-US\"},{\"@type\":\"Organization\",\"@id\":\"https:\\\/\\\/www.bel-oeil.com\\\/en\\\/#organization\",\"name\":\"Bel-\u0152il\",\"url\":\"https:\\\/\\\/www.bel-oeil.com\\\/en\\\/\",\"logo\":{\"@type\":\"ImageObject\",\"inLanguage\":\"en-US\",\"@id\":\"https:\\\/\\\/www.bel-oeil.com\\\/en\\\/#\\\/schema\\\/logo\\\/image\\\/\",\"url\":\"https:\\\/\\\/www.bel-oeil.com\\\/wp-content\\\/uploads\\\/2021\\\/10\\\/logo-bel-oeil-blanc.svg\",\"contentUrl\":\"https:\\\/\\\/www.bel-oeil.com\\\/wp-content\\\/uploads\\\/2021\\\/10\\\/logo-bel-oeil-blanc.svg\",\"caption\":\"Bel-\u0152il\"},\"image\":{\"@id\":\"https:\\\/\\\/www.bel-oeil.com\\\/en\\\/#\\\/schema\\\/logo\\\/image\\\/\"},\"sameAs\":[\"https:\\\/\\\/www.linkedin.com\\\/company\\\/beloeilinteriordesign\\\/\"]}]}<\/script>\n<!-- \/ Yoast SEO plugin. -->","yoast_head_json":{"title":"Mobilier Design de Luxe et Si\u00e8ge Aeron Herman Miller | Bel \u0152il","description":"D\u00e9couvrez Herman Miller chez Bel \u0152il. Eames Lounge Chair, si\u00e8ge Aeron et mobilier de luxe am\u00e9ricain pour des projets d\u2019am\u00e9nagement d'exception.","robots":{"index":"index","follow":"follow","max-snippet":"max-snippet:-1","max-image-preview":"max-image-preview:large","max-video-preview":"max-video-preview:-1"},"canonical":"https:\/\/www.bel-oeil.com\/en\/marque\/herman-miller\/","schema":{"@context":"https:\/\/schema.org","@graph":[{"@type":"CollectionPage","@id":"https:\/\/www.bel-oeil.com\/en\/marque\/herman-miller\/","url":"https:\/\/www.bel-oeil.com\/en\/marque\/herman-miller\/","name":"Mobilier Design de Luxe et Si\u00e8ge Aeron Herman Miller | Bel \u0152il","isPartOf":{"@id":"https:\/\/www.bel-oeil.com\/en\/#website"},"description":"D\u00e9couvrez Herman Miller chez Bel \u0152il. Eames Lounge Chair, si\u00e8ge Aeron et mobilier de luxe am\u00e9ricain pour des projets d\u2019am\u00e9nagement d'exception.","breadcrumb":{"@id":"https:\/\/www.bel-oeil.com\/en\/marque\/herman-miller\/#breadcrumb"},"inLanguage":"en-US"},{"@type":"BreadcrumbList","@id":"https:\/\/www.bel-oeil.com\/en\/marque\/herman-miller\/#breadcrumb","itemListElement":[{"@type":"ListItem","position":1,"name":"Accueil","item":"https:\/\/www.bel-oeil.com\/en\/"},{"@type":"ListItem","position":2,"name":"Herman Miller"}]},{"@type":"WebSite","@id":"https:\/\/www.bel-oeil.com\/en\/#website","url":"https:\/\/www.bel-oeil.com\/en\/","name":"Bel-\u0152il","description":"Born to Design","publisher":{"@id":"https:\/\/www.bel-oeil.com\/en\/#organization"},"potentialAction":[{"@type":"SearchAction","target":{"@type":"EntryPoint","urlTemplate":"https:\/\/www.bel-oeil.com\/en\/?s={search_term_string}"},"query-input":{"@type":"PropertyValueSpecification","valueRequired":true,"valueName":"search_term_string"}}],"inLanguage":"en-US"},{"@type":"Organization","@id":"https:\/\/www.bel-oeil.com\/en\/#organization","name":"Bel-\u0152il","url":"https:\/\/www.bel-oeil.com\/en\/","logo":{"@type":"ImageObject","inLanguage":"en-US","@id":"https:\/\/www.bel-oeil.com\/en\/#\/schema\/logo\/image\/","url":"https:\/\/www.bel-oeil.com\/wp-content\/uploads\/2021\/10\/logo-bel-oeil-blanc.svg","contentUrl":"https:\/\/www.bel-oeil.com\/wp-content\/uploads\/2021\/10\/logo-bel-oeil-blanc.svg","caption":"Bel-\u0152il"},"image":{"@id":"https:\/\/www.bel-oeil.com\/en\/#\/schema\/logo\/image\/"},"sameAs":["https:\/\/www.linkedin.com\/company\/beloeilinteriordesign\/"]}]}},"_links":{"self":[{"href":"https:\/\/www.bel-oeil.com\/en\/wp-json\/wp\/v2\/pwb-brand\/5220","targetHints":{"allow":["GET"]}}],"collection":[{"href":"https:\/\/www.bel-oeil.com\/en\/wp-json\/wp\/v2\/pwb-brand"}],"about":[{"href":"https:\/\/www.bel-oeil.com\/en\/wp-json\/wp\/v2\/taxonomies\/pwb-brand"}],"wp:post_type":[{"href":"https:\/\/www.bel-oeil.com\/en\/wp-json\/wp\/v2\/product?pwb-brand=5220"}],"curies":[{"name":"wp","href":"https:\/\/api.w.org\/{rel}","templated":true}]}}