{"id":5216,"count":2,"description":"<h1 data-path-to-node=\"3\">Arclinea<\/h1>\r\n<p data-path-to-node=\"4\">L'univers d'Arclinea repr\u00e9sente bien plus qu'une simple fabrication de mobilier de cuisine. En effet, cette manufacture italienne incarne une vision architecturale o\u00f9 la performance culinaire devient le centre de la maison. Depuis plus de 25 ans, nous s\u00e9lectionnons Arclinea pour sa capacit\u00e9 \u00e0 transformer l'usage domestique en une exp\u00e9rience professionnelle de haut niveau. Notre collaboration repose sur une exigence commune : offrir des espaces durables, fonctionnels et esth\u00e9tiquement irr\u00e9prochables. Ainsi, nous accompagnons nos clients dans la conception de projets globaux o\u00f9 la cuisine d\u00e9finit l'atmosph\u00e8re de tout l'habitat.<\/p>\r\n\r\n<h2 data-path-to-node=\"5\">L\u2019ing\u00e9nierie de la haute gastronomie \u00e0 domicile<\/h2>\r\n<p data-path-to-node=\"6\">L\u2019histoire d\u2019Arclinea commence en 1925 \u00e0 Caldogno, mais son identit\u00e9 moderne s'affirme par une recherche technologique constante. La marque se distingue notamment par l'int\u00e9gration des standards de la restauration \u00e9toil\u00e9e dans le cadre priv\u00e9. Par cons\u00e9quent, chaque \u00e9l\u00e9ment technique, du choix de l'acier inoxydable aux syst\u00e8mes d'aspiration performants, r\u00e9pond \u00e0 un besoin de pr\u00e9cision. Les passionn\u00e9s de gastronomie appr\u00e9cient particuli\u00e8rement les plans de travail profonds et les zones de pr\u00e9paration ergonomiques. En effet, Arclinea utilise des mat\u00e9riaux nobles et r\u00e9sistants pour garantir une long\u00e9vit\u00e9 exceptionnelle \u00e0 votre installation. Cette approche technique permet de r\u00e9aliser des gestes culinaires fluides et instinctifs au quotidien.<\/p>\r\n\r\n<h2 data-path-to-node=\"7\">La vision d'Antonio Citterio : l'architecture au service du go\u00fbt<\/h2>\r\n<p data-path-to-node=\"8\">La rencontre entre Arclinea et l\u2019architecte Antonio Citterio a radicalement chang\u00e9 le design de la cuisine contemporaine. Depuis 1986, ce cr\u00e9ateur visionnaire assure la direction artistique de la marque avec une rigueur exemplaire. Il con\u00e7oit chaque mod\u00e8le comme un \u00e9l\u00e9ment architectural capable de structurer l'espace de r\u00e9ception. Par ailleurs, il harmonise parfaitement les mat\u00e9riaux froids comme l'inox avec la chaleur des essences de bois pr\u00e9cieux. Cette dualit\u00e9 permet de cr\u00e9er des cuisines \u00e0 vivre qui s'int\u00e8grent sans rupture dans votre salon ou votre salle \u00e0 manger. Ainsi, le design ne se contente pas d'\u00eatre beau ; il devient un outil au service de l'ergonomie et de la convivialit\u00e9.<\/p>\r\n\r\n<h2 data-path-to-node=\"9\">Italia, Convivium, Artusi : des syst\u00e8mes modulaires sans compromis<\/h2>\r\n<p data-path-to-node=\"10\">Le catalogue Arclinea s'articule autour de syst\u00e8mes iconiques que nous adaptons \u00e0 chaque projet sp\u00e9cifique. Par exemple, le mod\u00e8le Italia constitue la r\u00e9f\u00e9rence absolue de la cuisine professionnelle d\u00e9clin\u00e9e pour la maison. De son c\u00f4t\u00e9, Convivium r\u00e9volutionne l'espace social gr\u00e2ce \u00e0 son \u00eelot central qui int\u00e8gre une table conviviale pour les repas partag\u00e9s. Pour les amateurs d'espaces ext\u00e9rieurs, la collection Artusi offre une solution en inox autoportante d'une \u00e9l\u00e9gance rare. De plus, Arclinea d\u00e9veloppe des solutions intelligentes comme le syst\u00e8me de rangement Pocket pour dissimuler les zones techniques. Chaque configuration assure une coh\u00e9rence visuelle totale avec vos espaces de r\u00e9ception de luxe, qu'ils soient int\u00e9rieurs ou ext\u00e9rieurs.<\/p>\r\n\r\n<h2 data-path-to-node=\"11\">Votre projet de cuisine technique avec le bureau d\u2019\u00e9tude Bel \u0152il<\/h2>\r\n<p data-path-to-node=\"12\">Chez Bel \u0152il, nous mettons notre expertise \u00e0 votre service pour transformer ces syst\u00e8mes en une r\u00e9alit\u00e9 concr\u00e8te. Notre bureau d'\u00e9tude analyse pr\u00e9cis\u00e9ment vos besoins pour concevoir une implantation sur mesure et optimis\u00e9e. Nous g\u00e9rons l'int\u00e9gralit\u00e9 de votre projet, de la conception technique \u00e0 la mise en \u0153uvre finale par nos techniciens sp\u00e9cialis\u00e9s. En effet, une cuisine Arclinea n\u00e9cessite une ma\u00eetrise parfaite des flux \u00e9lectriques, de plomberie et d'extraction. Nous collaborons \u00e9troitement avec vos architectes pour garantir un r\u00e9sultat impeccable qui valorise votre patrimoine immobilier. Pour d\u00e9couvrir ces collections, nos \u00e9quipes vous accueillent dans nos espaces de Nice, Cannes et Saint-Tropez.<\/p>","link":"https:\/\/www.bel-oeil.com\/en\/marque\/arclinea\/","name":"Arclinea","slug":"arclinea","taxonomy":"pwb-brand","parent":0,"meta":[],"yoast_head":"<!-- This site is optimized with the Yoast SEO plugin v27.5 - https:\/\/yoast.com\/product\/yoast-seo-wordpress\/ -->\n<title>Cuisine Italienne Haut de Gamme Arclinea Antonio Citterio | Bel \u0152il<\/title>\n<meta name=\"description\" content=\"Concevez votre cuisine haut de gamme Arclinea avec Bel \u0152il. D\u00e9couvrez le design italien d\u2019Antonio Citterio pour des projets de cuisines de luxe d&#039;exception.\" \/>\n<meta name=\"robots\" content=\"index, follow, max-snippet:-1, max-image-preview:large, max-video-preview:-1\" \/>\n<link rel=\"canonical\" href=\"https:\/\/www.bel-oeil.com\/en\/marque\/arclinea\/\" \/>\n<script type=\"application\/ld+json\" class=\"yoast-schema-graph\">{\"@context\":\"https:\\\/\\\/schema.org\",\"@graph\":[{\"@type\":\"CollectionPage\",\"@id\":\"https:\\\/\\\/www.bel-oeil.com\\\/en\\\/marque\\\/arclinea\\\/\",\"url\":\"https:\\\/\\\/www.bel-oeil.com\\\/en\\\/marque\\\/arclinea\\\/\",\"name\":\"Cuisine Italienne Haut de Gamme Arclinea Antonio Citterio | Bel \u0152il\",\"isPartOf\":{\"@id\":\"https:\\\/\\\/www.bel-oeil.com\\\/en\\\/#website\"},\"description\":\"Concevez votre cuisine haut de gamme Arclinea avec Bel \u0152il. D\u00e9couvrez le design italien d\u2019Antonio Citterio pour des projets de cuisines de luxe d'exception.\",\"breadcrumb\":{\"@id\":\"https:\\\/\\\/www.bel-oeil.com\\\/en\\\/marque\\\/arclinea\\\/#breadcrumb\"},\"inLanguage\":\"en-US\"},{\"@type\":\"BreadcrumbList\",\"@id\":\"https:\\\/\\\/www.bel-oeil.com\\\/en\\\/marque\\\/arclinea\\\/#breadcrumb\",\"itemListElement\":[{\"@type\":\"ListItem\",\"position\":1,\"name\":\"Accueil\",\"item\":\"https:\\\/\\\/www.bel-oeil.com\\\/en\\\/\"},{\"@type\":\"ListItem\",\"position\":2,\"name\":\"Arclinea\"}]},{\"@type\":\"WebSite\",\"@id\":\"https:\\\/\\\/www.bel-oeil.com\\\/en\\\/#website\",\"url\":\"https:\\\/\\\/www.bel-oeil.com\\\/en\\\/\",\"name\":\"Bel-\u0152il\",\"description\":\"Born to Design\",\"publisher\":{\"@id\":\"https:\\\/\\\/www.bel-oeil.com\\\/en\\\/#organization\"},\"potentialAction\":[{\"@type\":\"SearchAction\",\"target\":{\"@type\":\"EntryPoint\",\"urlTemplate\":\"https:\\\/\\\/www.bel-oeil.com\\\/en\\\/?s={search_term_string}\"},\"query-input\":{\"@type\":\"PropertyValueSpecification\",\"valueRequired\":true,\"valueName\":\"search_term_string\"}}],\"inLanguage\":\"en-US\"},{\"@type\":\"Organization\",\"@id\":\"https:\\\/\\\/www.bel-oeil.com\\\/en\\\/#organization\",\"name\":\"Bel-\u0152il\",\"url\":\"https:\\\/\\\/www.bel-oeil.com\\\/en\\\/\",\"logo\":{\"@type\":\"ImageObject\",\"inLanguage\":\"en-US\",\"@id\":\"https:\\\/\\\/www.bel-oeil.com\\\/en\\\/#\\\/schema\\\/logo\\\/image\\\/\",\"url\":\"https:\\\/\\\/www.bel-oeil.com\\\/wp-content\\\/uploads\\\/2021\\\/10\\\/logo-bel-oeil-blanc.svg\",\"contentUrl\":\"https:\\\/\\\/www.bel-oeil.com\\\/wp-content\\\/uploads\\\/2021\\\/10\\\/logo-bel-oeil-blanc.svg\",\"caption\":\"Bel-\u0152il\"},\"image\":{\"@id\":\"https:\\\/\\\/www.bel-oeil.com\\\/en\\\/#\\\/schema\\\/logo\\\/image\\\/\"},\"sameAs\":[\"https:\\\/\\\/www.linkedin.com\\\/company\\\/beloeilinteriordesign\\\/\"]}]}<\/script>\n<!-- \/ Yoast SEO plugin. -->","yoast_head_json":{"title":"Cuisine Italienne Haut de Gamme Arclinea Antonio Citterio | Bel \u0152il","description":"Concevez votre cuisine haut de gamme Arclinea avec Bel \u0152il. D\u00e9couvrez le design italien d\u2019Antonio Citterio pour des projets de cuisines de luxe d'exception.","robots":{"index":"index","follow":"follow","max-snippet":"max-snippet:-1","max-image-preview":"max-image-preview:large","max-video-preview":"max-video-preview:-1"},"canonical":"https:\/\/www.bel-oeil.com\/en\/marque\/arclinea\/","schema":{"@context":"https:\/\/schema.org","@graph":[{"@type":"CollectionPage","@id":"https:\/\/www.bel-oeil.com\/en\/marque\/arclinea\/","url":"https:\/\/www.bel-oeil.com\/en\/marque\/arclinea\/","name":"Cuisine Italienne Haut de Gamme Arclinea Antonio Citterio | Bel \u0152il","isPartOf":{"@id":"https:\/\/www.bel-oeil.com\/en\/#website"},"description":"Concevez votre cuisine haut de gamme Arclinea avec Bel \u0152il. D\u00e9couvrez le design italien d\u2019Antonio Citterio pour des projets de cuisines de luxe d'exception.","breadcrumb":{"@id":"https:\/\/www.bel-oeil.com\/en\/marque\/arclinea\/#breadcrumb"},"inLanguage":"en-US"},{"@type":"BreadcrumbList","@id":"https:\/\/www.bel-oeil.com\/en\/marque\/arclinea\/#breadcrumb","itemListElement":[{"@type":"ListItem","position":1,"name":"Accueil","item":"https:\/\/www.bel-oeil.com\/en\/"},{"@type":"ListItem","position":2,"name":"Arclinea"}]},{"@type":"WebSite","@id":"https:\/\/www.bel-oeil.com\/en\/#website","url":"https:\/\/www.bel-oeil.com\/en\/","name":"Bel-\u0152il","description":"Born to Design","publisher":{"@id":"https:\/\/www.bel-oeil.com\/en\/#organization"},"potentialAction":[{"@type":"SearchAction","target":{"@type":"EntryPoint","urlTemplate":"https:\/\/www.bel-oeil.com\/en\/?s={search_term_string}"},"query-input":{"@type":"PropertyValueSpecification","valueRequired":true,"valueName":"search_term_string"}}],"inLanguage":"en-US"},{"@type":"Organization","@id":"https:\/\/www.bel-oeil.com\/en\/#organization","name":"Bel-\u0152il","url":"https:\/\/www.bel-oeil.com\/en\/","logo":{"@type":"ImageObject","inLanguage":"en-US","@id":"https:\/\/www.bel-oeil.com\/en\/#\/schema\/logo\/image\/","url":"https:\/\/www.bel-oeil.com\/wp-content\/uploads\/2021\/10\/logo-bel-oeil-blanc.svg","contentUrl":"https:\/\/www.bel-oeil.com\/wp-content\/uploads\/2021\/10\/logo-bel-oeil-blanc.svg","caption":"Bel-\u0152il"},"image":{"@id":"https:\/\/www.bel-oeil.com\/en\/#\/schema\/logo\/image\/"},"sameAs":["https:\/\/www.linkedin.com\/company\/beloeilinteriordesign\/"]}]}},"_links":{"self":[{"href":"https:\/\/www.bel-oeil.com\/en\/wp-json\/wp\/v2\/pwb-brand\/5216","targetHints":{"allow":["GET"]}}],"collection":[{"href":"https:\/\/www.bel-oeil.com\/en\/wp-json\/wp\/v2\/pwb-brand"}],"about":[{"href":"https:\/\/www.bel-oeil.com\/en\/wp-json\/wp\/v2\/taxonomies\/pwb-brand"}],"wp:post_type":[{"href":"https:\/\/www.bel-oeil.com\/en\/wp-json\/wp\/v2\/product?pwb-brand=5216"}],"curies":[{"name":"wp","href":"https:\/\/api.w.org\/{rel}","templated":true}]}}