{"id":5191,"count":2,"description":"<h1 data-path-to-node=\"48\">Edra &amp; Bel \u0152il<\/h1>\r\n<p data-path-to-node=\"49\">Bel \u0152il pr\u00e9sente les collections <b data-path-to-node=\"49\" data-index-in-node=\"33\">Edra<\/b> pour leur audace artistique et leur confort r\u00e9volutionnaire. Notre relation avec cette manufacture toscane repose sur le go\u00fbt de l'exceptionnel. En effet, Edra ne produit pas de simples <b data-path-to-node=\"49\" data-index-in-node=\"224\">canap\u00e9s<\/b>, elle cr\u00e9e des sculptures \u00e0 vivre. Nous choisissons ces <b data-path-to-node=\"49\" data-index-in-node=\"288\">meubles<\/b> pour leur capacit\u00e9 \u00e0 devenir le centre de gravit\u00e9 d'une pi\u00e8ce. Ils apportent une dimension spectaculaire \u00e0 nos projets de <b data-path-to-node=\"49\" data-index-in-node=\"418\">luxe<\/b> les plus exclusifs.<\/p>\r\n<p data-path-to-node=\"50\">Nos showrooms de <b data-path-to-node=\"50\" data-index-in-node=\"17\">Nice, Cannes, Monaco, Saint-Tropez et Marseille<\/b> exposent ces pi\u00e8ces hors du commun. Par ailleurs, nous conseillons ces cr\u00e9ations pour des int\u00e9rieurs de caract\u00e8re partout en France. Ce <b data-path-to-node=\"50\" data-index-in-node=\"201\">mobilier haut de gamme<\/b> privil\u00e9gie l'innovation technologique et la main de l'homme. Il s'int\u00e8gre naturellement dans un grand salon contemporain ou un hall prestigieux. En choisissant Edra, nous garantissons une exp\u00e9rience sensorielle unique \u00e0 votre projet.<\/p>\r\n<p data-path-to-node=\"51\">\u3164<\/p>\r\n\r\n<h2 data-path-to-node=\"52\">L\u2019innovation toscane au service de l\u2019extraordinaire<\/h2>\r\n<p data-path-to-node=\"53\">L'histoire d'Edra commence en 1987 avec la volont\u00e9 de cr\u00e9er des objets hors normes. La marque s'est rapidement impos\u00e9e par sa ma\u00eetrise des mat\u00e9riaux sophistiqu\u00e9s. Elle a notamment brevet\u00e9 le <b data-path-to-node=\"53\" data-index-in-node=\"191\">Gellyfoam\u00ae<\/b>, une mati\u00e8re offrant un confort d'assise in\u00e9gal\u00e9. Cette approche fait d'Edra une r\u00e9f\u00e9rence absolue du <b data-path-to-node=\"53\" data-index-in-node=\"304\">luxe<\/b> et de l'avant-garde. Chaque pi\u00e8ce est le fruit d'une recherche artistique et technique intense.<\/p>\r\n<p data-path-to-node=\"54\">Cette r\u00e9ussite repose sur une libert\u00e9 de cr\u00e9ation totale laiss\u00e9e aux designers. En effet, la marque collabore avec des g\u00e9nies comme les fr\u00e8res Campana ou Francesco Binfar\u00e9. Cette approche s\u00e9duit les amateurs de <b data-path-to-node=\"54\" data-index-in-node=\"211\">d\u00e9coration haut de gamme<\/b> en qu\u00eate de singularit\u00e9. La marque transforme le mobilier en un spectacle quotidien. Par cons\u00e9quent, chaque meuble Edra devient une \u0153uvre d'art fonctionnelle pour votre patrimoine.<\/p>\r\n<p data-path-to-node=\"55\">\u3164<\/p>\r\n\r\n<h2 data-path-to-node=\"56\">Canap\u00e9s iconiques et structures organiques<\/h2>\r\n<p data-path-to-node=\"57\">Le catalogue Edra est c\u00e9l\u00e8bre pour ses assises aux formes r\u00e9volutionnaires. Le <b data-path-to-node=\"57\" data-index-in-node=\"79\">canap\u00e9 On the Rocks<\/b> de Francesco Binfar\u00e9 est devenu une ic\u00f4ne mondiale du <b data-path-to-node=\"57\" data-index-in-node=\"153\">design contemporain<\/b>. Il offre une modularit\u00e9 totale sans structure rigide apparente. De m\u00eame, le fauteuil Vermelha des fr\u00e8res Campana structure l'espace avec une audace artisanale incroyable. Ces pi\u00e8ces apportent une signature inoubliable \u00e0 chaque projet de Bel \u0152il.<\/p>\r\n<p data-path-to-node=\"58\">Les cr\u00e9ations comme le canap\u00e9 Standard ou la chaise Getsuen sont \u00e9galement marquantes. Chaque objet t\u00e9moigne d'un souci du d\u00e9tail extr\u00eame dans les rev\u00eatements et les finitions. Ce niveau d'exigence d\u00e9finit le <b data-path-to-node=\"58\" data-index-in-node=\"209\">mobilier de luxe<\/b> selon Edra. Qu'il s'agisse de tables ou de lits, la g\u00e9om\u00e9trie est toujours surprenante. Finalement, la technologie se marie au r\u00eave pour sublimer votre quotidien.<\/p>\r\n<p data-path-to-node=\"59\">\u3164<\/p>\r\n\r\n<h2 data-path-to-node=\"60\">Pourquoi choisir Edra pour vos projets ?<\/h2>\r\n<p data-path-to-node=\"61\">La marque italienne propose des pi\u00e8ces qui allient confort absolu et puissance visuelle :<\/p>\r\n\r\n<ul data-path-to-node=\"62\">\r\n \t<li>\r\n<p data-path-to-node=\"62,0,0\"><b data-path-to-node=\"62,0,0\" data-index-in-node=\"0\">Un confort brevet\u00e9 unique :<\/b> l'usage du Gellyfoam\u00ae permet une adaptation parfaite \u00e0 la morphologie humaine.<\/p>\r\n<\/li>\r\n \t<li>\r\n<p data-path-to-node=\"62,1,0\"><b data-path-to-node=\"62,1,0\" data-index-in-node=\"0\">Une esth\u00e9tique avant-gardiste :<\/b> les designs Edra signent votre int\u00e9rieur avec une audace artistique incomparable.<\/p>\r\n<\/li>\r\n \t<li>\r\n<p data-path-to-node=\"62,2,0\"><b data-path-to-node=\"62,2,0\" data-index-in-node=\"0\">Une fabrication artisanale d'\u00e9lite :<\/b> chaque pi\u00e8ce est assembl\u00e9e avec un soin minutieux pour garantir une qualit\u00e9 de <b data-path-to-node=\"62,2,0\" data-index-in-node=\"116\">luxe<\/b>.<\/p>\r\n<\/li>\r\n \t<li>\r\n<p data-path-to-node=\"62,3,0\"><b data-path-to-node=\"62,3,0\" data-index-in-node=\"0\">Une modularit\u00e9 innovante :<\/b> les syst\u00e8mes d'assises permettent de r\u00e9inventer l'usage du salon selon vos envies.<\/p>\r\n<\/li>\r\n \t<li>\r\n<p data-path-to-node=\"62,4,0\"><b data-path-to-node=\"62,4,0\" data-index-in-node=\"0\">Une valeur artistique durable :<\/b> poss\u00e9der un meuble Edra, c'est int\u00e9grer une pi\u00e8ce de mus\u00e9e dans son propre espace de vie.<\/p>\r\n<\/li>\r\n<\/ul>\r\n<p data-path-to-node=\"63\">\u3164<\/p>\r\n\r\n<h2 data-path-to-node=\"64\">L\u2019expertise Bel \u0152il<\/h2>\r\n<p data-path-to-node=\"65\">Depuis plus de 30 ans, Bel \u0152il accompagne les projets de d\u00e9coration les plus ambitieux. Notre \u00e9quipe d'ensembliers-d\u00e9corateurs s'appuie sur une m\u00e9thodologie rigoureuse. Nous g\u00e9rons votre projet de la conception des plans jusqu'\u00e0 l'installation finale par nos techniciens.<\/p>\r\n<p data-path-to-node=\"66\">Nous mettons notre savoir-faire \u00e0 votre service pour int\u00e9grer Edra dans un projet global coh\u00e9rent. Notre r\u00e9seau de showrooms imagine avec vous des espaces de vie m\u00e9morables. En conclusion, Bel \u0152il sublime votre int\u00e9rieur gr\u00e2ce \u00e0 une s\u00e9lection de marques internationales prestigieuses.<\/p>","link":"https:\/\/www.bel-oeil.com\/en\/marque\/edra\/","name":"Edra","slug":"edra","taxonomy":"pwb-brand","parent":0,"meta":[],"yoast_head":"<!-- This site is optimized with the Yoast SEO plugin v27.4 - https:\/\/yoast.com\/product\/yoast-seo-wordpress\/ -->\n<title>Canap\u00e9s de Luxe et Mobilier Design Artistique Edra | Bel \u0152il<\/title>\n<meta name=\"description\" content=\"D\u00e9couvrez Edra chez Bel \u0152il. Canap\u00e9 On the Rocks, Standard et mobilier haut de gamme italien pour des projets d\u2019am\u00e9nagement int\u00e9rieur d&#039;exception.\" \/>\n<meta name=\"robots\" content=\"index, follow, max-snippet:-1, max-image-preview:large, max-video-preview:-1\" \/>\n<link rel=\"canonical\" href=\"https:\/\/www.bel-oeil.com\/en\/marque\/edra\/\" \/>\n<script type=\"application\/ld+json\" class=\"yoast-schema-graph\">{\"@context\":\"https:\\\/\\\/schema.org\",\"@graph\":[{\"@type\":\"CollectionPage\",\"@id\":\"https:\\\/\\\/www.bel-oeil.com\\\/en\\\/marque\\\/edra\\\/\",\"url\":\"https:\\\/\\\/www.bel-oeil.com\\\/en\\\/marque\\\/edra\\\/\",\"name\":\"Canap\u00e9s de Luxe et Mobilier Design Artistique Edra | Bel \u0152il\",\"isPartOf\":{\"@id\":\"https:\\\/\\\/www.bel-oeil.com\\\/en\\\/#website\"},\"description\":\"D\u00e9couvrez Edra chez Bel \u0152il. Canap\u00e9 On the Rocks, Standard et mobilier haut de gamme italien pour des projets d\u2019am\u00e9nagement int\u00e9rieur d'exception.\",\"breadcrumb\":{\"@id\":\"https:\\\/\\\/www.bel-oeil.com\\\/en\\\/marque\\\/edra\\\/#breadcrumb\"},\"inLanguage\":\"en-US\"},{\"@type\":\"BreadcrumbList\",\"@id\":\"https:\\\/\\\/www.bel-oeil.com\\\/en\\\/marque\\\/edra\\\/#breadcrumb\",\"itemListElement\":[{\"@type\":\"ListItem\",\"position\":1,\"name\":\"Accueil\",\"item\":\"https:\\\/\\\/www.bel-oeil.com\\\/en\\\/\"},{\"@type\":\"ListItem\",\"position\":2,\"name\":\"Edra\"}]},{\"@type\":\"WebSite\",\"@id\":\"https:\\\/\\\/www.bel-oeil.com\\\/en\\\/#website\",\"url\":\"https:\\\/\\\/www.bel-oeil.com\\\/en\\\/\",\"name\":\"Bel-\u0152il\",\"description\":\"Born to Design\",\"publisher\":{\"@id\":\"https:\\\/\\\/www.bel-oeil.com\\\/en\\\/#organization\"},\"potentialAction\":[{\"@type\":\"SearchAction\",\"target\":{\"@type\":\"EntryPoint\",\"urlTemplate\":\"https:\\\/\\\/www.bel-oeil.com\\\/en\\\/?s={search_term_string}\"},\"query-input\":{\"@type\":\"PropertyValueSpecification\",\"valueRequired\":true,\"valueName\":\"search_term_string\"}}],\"inLanguage\":\"en-US\"},{\"@type\":\"Organization\",\"@id\":\"https:\\\/\\\/www.bel-oeil.com\\\/en\\\/#organization\",\"name\":\"Bel-\u0152il\",\"url\":\"https:\\\/\\\/www.bel-oeil.com\\\/en\\\/\",\"logo\":{\"@type\":\"ImageObject\",\"inLanguage\":\"en-US\",\"@id\":\"https:\\\/\\\/www.bel-oeil.com\\\/en\\\/#\\\/schema\\\/logo\\\/image\\\/\",\"url\":\"https:\\\/\\\/www.bel-oeil.com\\\/wp-content\\\/uploads\\\/2021\\\/10\\\/logo-bel-oeil-blanc.svg\",\"contentUrl\":\"https:\\\/\\\/www.bel-oeil.com\\\/wp-content\\\/uploads\\\/2021\\\/10\\\/logo-bel-oeil-blanc.svg\",\"caption\":\"Bel-\u0152il\"},\"image\":{\"@id\":\"https:\\\/\\\/www.bel-oeil.com\\\/en\\\/#\\\/schema\\\/logo\\\/image\\\/\"},\"sameAs\":[\"https:\\\/\\\/www.linkedin.com\\\/company\\\/beloeilinteriordesign\\\/\"]}]}<\/script>\n<!-- \/ Yoast SEO plugin. -->","yoast_head_json":{"title":"Canap\u00e9s de Luxe et Mobilier Design Artistique Edra | Bel \u0152il","description":"D\u00e9couvrez Edra chez Bel \u0152il. Canap\u00e9 On the Rocks, Standard et mobilier haut de gamme italien pour des projets d\u2019am\u00e9nagement int\u00e9rieur d'exception.","robots":{"index":"index","follow":"follow","max-snippet":"max-snippet:-1","max-image-preview":"max-image-preview:large","max-video-preview":"max-video-preview:-1"},"canonical":"https:\/\/www.bel-oeil.com\/en\/marque\/edra\/","schema":{"@context":"https:\/\/schema.org","@graph":[{"@type":"CollectionPage","@id":"https:\/\/www.bel-oeil.com\/en\/marque\/edra\/","url":"https:\/\/www.bel-oeil.com\/en\/marque\/edra\/","name":"Canap\u00e9s de Luxe et Mobilier Design Artistique Edra | Bel \u0152il","isPartOf":{"@id":"https:\/\/www.bel-oeil.com\/en\/#website"},"description":"D\u00e9couvrez Edra chez Bel \u0152il. Canap\u00e9 On the Rocks, Standard et mobilier haut de gamme italien pour des projets d\u2019am\u00e9nagement int\u00e9rieur d'exception.","breadcrumb":{"@id":"https:\/\/www.bel-oeil.com\/en\/marque\/edra\/#breadcrumb"},"inLanguage":"en-US"},{"@type":"BreadcrumbList","@id":"https:\/\/www.bel-oeil.com\/en\/marque\/edra\/#breadcrumb","itemListElement":[{"@type":"ListItem","position":1,"name":"Accueil","item":"https:\/\/www.bel-oeil.com\/en\/"},{"@type":"ListItem","position":2,"name":"Edra"}]},{"@type":"WebSite","@id":"https:\/\/www.bel-oeil.com\/en\/#website","url":"https:\/\/www.bel-oeil.com\/en\/","name":"Bel-\u0152il","description":"Born to Design","publisher":{"@id":"https:\/\/www.bel-oeil.com\/en\/#organization"},"potentialAction":[{"@type":"SearchAction","target":{"@type":"EntryPoint","urlTemplate":"https:\/\/www.bel-oeil.com\/en\/?s={search_term_string}"},"query-input":{"@type":"PropertyValueSpecification","valueRequired":true,"valueName":"search_term_string"}}],"inLanguage":"en-US"},{"@type":"Organization","@id":"https:\/\/www.bel-oeil.com\/en\/#organization","name":"Bel-\u0152il","url":"https:\/\/www.bel-oeil.com\/en\/","logo":{"@type":"ImageObject","inLanguage":"en-US","@id":"https:\/\/www.bel-oeil.com\/en\/#\/schema\/logo\/image\/","url":"https:\/\/www.bel-oeil.com\/wp-content\/uploads\/2021\/10\/logo-bel-oeil-blanc.svg","contentUrl":"https:\/\/www.bel-oeil.com\/wp-content\/uploads\/2021\/10\/logo-bel-oeil-blanc.svg","caption":"Bel-\u0152il"},"image":{"@id":"https:\/\/www.bel-oeil.com\/en\/#\/schema\/logo\/image\/"},"sameAs":["https:\/\/www.linkedin.com\/company\/beloeilinteriordesign\/"]}]}},"_links":{"self":[{"href":"https:\/\/www.bel-oeil.com\/en\/wp-json\/wp\/v2\/pwb-brand\/5191","targetHints":{"allow":["GET"]}}],"collection":[{"href":"https:\/\/www.bel-oeil.com\/en\/wp-json\/wp\/v2\/pwb-brand"}],"about":[{"href":"https:\/\/www.bel-oeil.com\/en\/wp-json\/wp\/v2\/taxonomies\/pwb-brand"}],"wp:post_type":[{"href":"https:\/\/www.bel-oeil.com\/en\/wp-json\/wp\/v2\/product?pwb-brand=5191"}],"curies":[{"name":"wp","href":"https:\/\/api.w.org\/{rel}","templated":true}]}}