{"id":5187,"count":4,"description":"<h1 data-path-to-node=\"28\">Porada &amp; Bel \u0152il<\/h1>\r\n<p data-path-to-node=\"29\">Bel \u0152il pr\u00e9sente les collections <b data-path-to-node=\"29\" data-index-in-node=\"33\">Porada<\/b> pour leur passion du bois et leur excellence artisanale hors du commun. Notre relation avec cette maison familiale italienne repose sur l'amour du d\u00e9tail et de la mati\u00e8re vivante transform\u00e9e en art. Nous choisissons ces <b data-path-to-node=\"29\" data-index-in-node=\"260\">meubles<\/b> pour leur chaleur incomparable et leur \u00e9l\u00e9gance organique qui structurent l'espace avec douceur. Ils apportent une dimension de <b data-path-to-node=\"29\" data-index-in-node=\"396\">luxe<\/b> authentique et une sensorialit\u00e9 unique \u00e0 nos projets d'am\u00e9nagement les plus prestigieux.<\/p>\r\n<p data-path-to-node=\"30\">Nos showrooms de <b data-path-to-node=\"30\" data-index-in-node=\"17\">Nice, Cannes, Monaco, Saint-Tropez et Marseille<\/b> exposent ces pi\u00e8ces d'\u00e9b\u00e9nisterie d'exception. Par ailleurs, notre expertise nous permet d'installer ces collections partout en France pour des r\u00e9sidences de prestige. Ce <b data-path-to-node=\"30\" data-index-in-node=\"236\">mobilier haut de gamme<\/b> privil\u00e9gie le toucher et la noblesse des essences naturelles. En choisissant Porada, vous garantissez une atmosph\u00e8re de raffinement et une qualit\u00e9 de vie sup\u00e9rieure \u00e0 votre patrimoine int\u00e9rieur.<\/p>\r\n<p data-path-to-node=\"31\">\u3164<\/p>\r\n\r\n<h2 data-path-to-node=\"32\">L\u2019art de l\u2019\u00e9b\u00e9nisterie et le culte du bois massif<\/h2>\r\n<p data-path-to-node=\"33\">L'histoire de Porada commence en 1948 sous l'impulsion de Luigi Allievi, avec la volont\u00e9 de transformer le bois de noyer en objets d'une beaut\u00e9 pure. La marque s'est distingu\u00e9e par sa ma\u00eetrise exceptionnelle du bois massif, capable de prendre des formes sinueuses et fluides. Elle a su marier la technologie de pointe au travail manuel irr\u00e9prochable des artisans de la Brianza. Cette rigueur fait de Porada une r\u00e9f\u00e9rence mondiale de la <b data-path-to-node=\"33\" data-index-in-node=\"436\">d\u00e9coration haut de gamme<\/b>.<\/p>\r\n<p data-path-to-node=\"34\">Cette r\u00e9ussite repose sur un \u00e9quilibre parfait entre la tradition de l'\u00e9b\u00e9nisterie et les besoins du <b data-path-to-node=\"34\" data-index-in-node=\"101\">design contemporain<\/b>. En effet, Porada contr\u00f4le chaque \u00e9tape de la production, de la s\u00e9lection des for\u00eats durables jusqu'au polissage final. Cette approche s\u00e9duit les amateurs de luxe en qu\u00eate d'un mobilier chaleureux, solide et sophistiqu\u00e9. La marque refuse la froideur industrielle pour privil\u00e9gier l'\u00e9motion de la mati\u00e8re. Par cons\u00e9quent, chaque pi\u00e8ce devient un \u00e9l\u00e9ment central de votre patrimoine esth\u00e9tique.<\/p>\r\n<p data-path-to-node=\"35\">\u3164<\/p>\r\n\r\n<h2 data-path-to-node=\"36\">Des ic\u00f4nes de noyer aux signatures contemporaines<\/h2>\r\n<p data-path-to-node=\"37\">Le catalogue Porada regorge de mod\u00e8les qui sont devenus des classiques de l'habitat de prestige. On pense imm\u00e9diatement \u00e0 la collection <b data-path-to-node=\"37\" data-index-in-node=\"136\">Infinity<\/b> avec ses bases de tables sculpt\u00e9es ou au miroir <b data-path-to-node=\"37\" data-index-in-node=\"193\">Four Seasons<\/b>. De m\u00eame, les chaises et les fauteuils aux lignes courbes apportent une \u00e9l\u00e9gance ergonomique unique \u00e0 chaque salon de <b data-path-to-node=\"37\" data-index-in-node=\"324\">luxe<\/b>. Ces pi\u00e8ces offrent une identit\u00e9 visuelle forte et chaleureuse \u00e0 chaque projet de Bel \u0152il.<\/p>\r\n<p data-path-to-node=\"38\">Aujourd'hui, la marque collabore avec des designers internationaux qui partagent ce respect du noyer canaletta. Leurs cr\u00e9ations contemporaines dialoguent avec les savoir-faire traditionnels, offrant une vision transversale de la <b data-path-to-node=\"38\" data-index-in-node=\"229\">d\u00e9coration d'exception<\/b>. Qu'il s'agisse de buffets aux finitions pr\u00e9cieuses ou de biblioth\u00e8ques modulaires, l'exigence de finition est constante. Finalement, la noblesse du bois et la justesse du dessin subliment votre quotidien.<\/p>\r\n<p data-path-to-node=\"39\">\u3164<\/p>\r\n\r\n<h2 data-path-to-node=\"40\">Pourquoi choisir Porada pour vos projets ?<\/h2>\r\n<p data-path-to-node=\"41\">La marque propose des solutions qui allient caract\u00e8re naturel et qualit\u00e9 d'ex\u00e9cution :<\/p>\r\n\r\n<ul>\r\n \t<li data-path-to-node=\"42\"><b data-path-to-node=\"42\" data-index-in-node=\"0\">Une ma\u00eetrise du bois massif :<\/b> l'usage de noyer canaletta de haute qualit\u00e9 garantit une esth\u00e9tique luxueuse et robuste.<\/li>\r\n \t<li data-path-to-node=\"43\"><b data-path-to-node=\"43\" data-index-in-node=\"0\">Un design organique et fluide :<\/b> les formes sculpt\u00e9es s'adaptent parfaitement aux int\u00e9rieurs de luxe en qu\u00eate de douceur.<\/li>\r\n \t<li data-path-to-node=\"44\"><b data-path-to-node=\"44\" data-index-in-node=\"0\">Une fabrication artisanale certifi\u00e9e :<\/b> le soin apport\u00e9 aux assemblages et aux vernis assure un rendu haut de gamme irr\u00e9prochable.<\/li>\r\n \t<li data-path-to-node=\"45\"><b data-path-to-node=\"45\" data-index-in-node=\"0\">Une durabilit\u00e9 exemplaire :<\/b> la solidit\u00e9 des structures garantit un mobilier capable de traverser le temps sans se d\u00e9moder.<\/li>\r\n \t<li data-path-to-node=\"46\"><b data-path-to-node=\"46\" data-index-in-node=\"0\">Un confort sensoriel :<\/b> le toucher du bois huil\u00e9 et la qualit\u00e9 des rembourrages offrent un bien-\u00eatre sup\u00e9rieur au quotidien.<\/li>\r\n<\/ul>\r\n<p data-path-to-node=\"47\">\u3164<\/p>\r\n\r\n<h2 data-path-to-node=\"48\">L\u2019expertise Bel \u0152il<\/h2>\r\n<p data-path-to-node=\"49\">Depuis plus de 30 ans, Bel \u0152il accompagne les projets de <b data-path-to-node=\"49\" data-index-in-node=\"57\">d\u00e9coration d'exception<\/b>. Notre \u00e9quipe d'ensembliers-d\u00e9corateurs s'appuie sur une m\u00e9thodologie rigoureuse. Nous g\u00e9rons votre projet de la s\u00e9lection des essences jusqu'\u00e0 l'installation finale par nos techniciens qualifi\u00e9s.<\/p>\r\n<p data-path-to-node=\"50\">Nous mettons notre savoir-faire \u00e0 votre service pour int\u00e9grer Porada dans un projet global coh\u00e9rent. Notre r\u00e9seau de showrooms et notre bureau d'\u00e9tude imaginent vos futurs espaces de vie. En conclusion, Bel \u0152il sublime votre int\u00e9rieur avec le meilleur du <b data-path-to-node=\"50\" data-index-in-node=\"255\">design<\/b> international.<\/p>","link":"https:\/\/www.bel-oeil.com\/en\/marque\/porada\/","name":"Porada","slug":"porada","taxonomy":"pwb-brand","parent":0,"meta":[],"yoast_head":"<!-- This site is optimized with the Yoast SEO plugin v27.5 - https:\/\/yoast.com\/product\/yoast-seo-wordpress\/ -->\n<title>Mobilier en Bois de Luxe et Design Italien Porada | Bel \u0152il<\/title>\n<meta name=\"description\" content=\"D\u00e9couvrez Porada chez Bel \u0152il. Tables en noyer Infinity, mobilier haut de gamme en bois massif et design italien pour des am\u00e9nagements de luxe.\" \/>\n<meta name=\"robots\" content=\"index, follow, max-snippet:-1, max-image-preview:large, max-video-preview:-1\" \/>\n<link rel=\"canonical\" href=\"https:\/\/www.bel-oeil.com\/en\/marque\/porada\/\" \/>\n<script type=\"application\/ld+json\" class=\"yoast-schema-graph\">{\"@context\":\"https:\\\/\\\/schema.org\",\"@graph\":[{\"@type\":\"CollectionPage\",\"@id\":\"https:\\\/\\\/www.bel-oeil.com\\\/en\\\/marque\\\/porada\\\/\",\"url\":\"https:\\\/\\\/www.bel-oeil.com\\\/en\\\/marque\\\/porada\\\/\",\"name\":\"Mobilier en Bois de Luxe et Design Italien Porada | Bel \u0152il\",\"isPartOf\":{\"@id\":\"https:\\\/\\\/www.bel-oeil.com\\\/en\\\/#website\"},\"description\":\"D\u00e9couvrez Porada chez Bel \u0152il. Tables en noyer Infinity, mobilier haut de gamme en bois massif et design italien pour des am\u00e9nagements de luxe.\",\"breadcrumb\":{\"@id\":\"https:\\\/\\\/www.bel-oeil.com\\\/en\\\/marque\\\/porada\\\/#breadcrumb\"},\"inLanguage\":\"en-US\"},{\"@type\":\"BreadcrumbList\",\"@id\":\"https:\\\/\\\/www.bel-oeil.com\\\/en\\\/marque\\\/porada\\\/#breadcrumb\",\"itemListElement\":[{\"@type\":\"ListItem\",\"position\":1,\"name\":\"Accueil\",\"item\":\"https:\\\/\\\/www.bel-oeil.com\\\/en\\\/\"},{\"@type\":\"ListItem\",\"position\":2,\"name\":\"Porada\"}]},{\"@type\":\"WebSite\",\"@id\":\"https:\\\/\\\/www.bel-oeil.com\\\/en\\\/#website\",\"url\":\"https:\\\/\\\/www.bel-oeil.com\\\/en\\\/\",\"name\":\"Bel-\u0152il\",\"description\":\"Born to Design\",\"publisher\":{\"@id\":\"https:\\\/\\\/www.bel-oeil.com\\\/en\\\/#organization\"},\"potentialAction\":[{\"@type\":\"SearchAction\",\"target\":{\"@type\":\"EntryPoint\",\"urlTemplate\":\"https:\\\/\\\/www.bel-oeil.com\\\/en\\\/?s={search_term_string}\"},\"query-input\":{\"@type\":\"PropertyValueSpecification\",\"valueRequired\":true,\"valueName\":\"search_term_string\"}}],\"inLanguage\":\"en-US\"},{\"@type\":\"Organization\",\"@id\":\"https:\\\/\\\/www.bel-oeil.com\\\/en\\\/#organization\",\"name\":\"Bel-\u0152il\",\"url\":\"https:\\\/\\\/www.bel-oeil.com\\\/en\\\/\",\"logo\":{\"@type\":\"ImageObject\",\"inLanguage\":\"en-US\",\"@id\":\"https:\\\/\\\/www.bel-oeil.com\\\/en\\\/#\\\/schema\\\/logo\\\/image\\\/\",\"url\":\"https:\\\/\\\/www.bel-oeil.com\\\/wp-content\\\/uploads\\\/2021\\\/10\\\/logo-bel-oeil-blanc.svg\",\"contentUrl\":\"https:\\\/\\\/www.bel-oeil.com\\\/wp-content\\\/uploads\\\/2021\\\/10\\\/logo-bel-oeil-blanc.svg\",\"caption\":\"Bel-\u0152il\"},\"image\":{\"@id\":\"https:\\\/\\\/www.bel-oeil.com\\\/en\\\/#\\\/schema\\\/logo\\\/image\\\/\"},\"sameAs\":[\"https:\\\/\\\/www.linkedin.com\\\/company\\\/beloeilinteriordesign\\\/\"]}]}<\/script>\n<!-- \/ Yoast SEO plugin. -->","yoast_head_json":{"title":"Mobilier en Bois de Luxe et Design Italien Porada | Bel \u0152il","description":"D\u00e9couvrez Porada chez Bel \u0152il. Tables en noyer Infinity, mobilier haut de gamme en bois massif et design italien pour des am\u00e9nagements de luxe.","robots":{"index":"index","follow":"follow","max-snippet":"max-snippet:-1","max-image-preview":"max-image-preview:large","max-video-preview":"max-video-preview:-1"},"canonical":"https:\/\/www.bel-oeil.com\/en\/marque\/porada\/","schema":{"@context":"https:\/\/schema.org","@graph":[{"@type":"CollectionPage","@id":"https:\/\/www.bel-oeil.com\/en\/marque\/porada\/","url":"https:\/\/www.bel-oeil.com\/en\/marque\/porada\/","name":"Mobilier en Bois de Luxe et Design Italien Porada | Bel \u0152il","isPartOf":{"@id":"https:\/\/www.bel-oeil.com\/en\/#website"},"description":"D\u00e9couvrez Porada chez Bel \u0152il. Tables en noyer Infinity, mobilier haut de gamme en bois massif et design italien pour des am\u00e9nagements de luxe.","breadcrumb":{"@id":"https:\/\/www.bel-oeil.com\/en\/marque\/porada\/#breadcrumb"},"inLanguage":"en-US"},{"@type":"BreadcrumbList","@id":"https:\/\/www.bel-oeil.com\/en\/marque\/porada\/#breadcrumb","itemListElement":[{"@type":"ListItem","position":1,"name":"Accueil","item":"https:\/\/www.bel-oeil.com\/en\/"},{"@type":"ListItem","position":2,"name":"Porada"}]},{"@type":"WebSite","@id":"https:\/\/www.bel-oeil.com\/en\/#website","url":"https:\/\/www.bel-oeil.com\/en\/","name":"Bel-\u0152il","description":"Born to Design","publisher":{"@id":"https:\/\/www.bel-oeil.com\/en\/#organization"},"potentialAction":[{"@type":"SearchAction","target":{"@type":"EntryPoint","urlTemplate":"https:\/\/www.bel-oeil.com\/en\/?s={search_term_string}"},"query-input":{"@type":"PropertyValueSpecification","valueRequired":true,"valueName":"search_term_string"}}],"inLanguage":"en-US"},{"@type":"Organization","@id":"https:\/\/www.bel-oeil.com\/en\/#organization","name":"Bel-\u0152il","url":"https:\/\/www.bel-oeil.com\/en\/","logo":{"@type":"ImageObject","inLanguage":"en-US","@id":"https:\/\/www.bel-oeil.com\/en\/#\/schema\/logo\/image\/","url":"https:\/\/www.bel-oeil.com\/wp-content\/uploads\/2021\/10\/logo-bel-oeil-blanc.svg","contentUrl":"https:\/\/www.bel-oeil.com\/wp-content\/uploads\/2021\/10\/logo-bel-oeil-blanc.svg","caption":"Bel-\u0152il"},"image":{"@id":"https:\/\/www.bel-oeil.com\/en\/#\/schema\/logo\/image\/"},"sameAs":["https:\/\/www.linkedin.com\/company\/beloeilinteriordesign\/"]}]}},"_links":{"self":[{"href":"https:\/\/www.bel-oeil.com\/en\/wp-json\/wp\/v2\/pwb-brand\/5187","targetHints":{"allow":["GET"]}}],"collection":[{"href":"https:\/\/www.bel-oeil.com\/en\/wp-json\/wp\/v2\/pwb-brand"}],"about":[{"href":"https:\/\/www.bel-oeil.com\/en\/wp-json\/wp\/v2\/taxonomies\/pwb-brand"}],"wp:post_type":[{"href":"https:\/\/www.bel-oeil.com\/en\/wp-json\/wp\/v2\/product?pwb-brand=5187"}],"curies":[{"name":"wp","href":"https:\/\/api.w.org\/{rel}","templated":true}]}}