{"id":5167,"count":5,"description":"<h1 data-path-to-node=\"2\">Roda &amp; Bel \u0152il<\/h1>\r\n<p data-path-to-node=\"3\">Bel \u0152il pr\u00e9sente les collections <b data-path-to-node=\"3\" data-index-in-node=\"33\">Roda<\/b> pour leur concept novateur de \"In and Out\", abolissant les fronti\u00e8res entre l'int\u00e9rieur et l'ext\u00e9rieur. Notre relation avec cette maison italienne repose sur la conviction que le jardin est une v\u00e9ritable pi\u00e8ce \u00e0 vivre, m\u00e9ritant le m\u00eame niveau de design et de confort que le salon. Nous s\u00e9lectionnons ces <b data-path-to-node=\"3\" data-index-in-node=\"342\">meubles<\/b> pour leur \u00e9l\u00e9gance intemporelle et leur capacit\u00e9 \u00e0 s'int\u00e9grer harmonieusement dans les paysages m\u00e9diterran\u00e9ens. Ils apportent une dimension de <b data-path-to-node=\"3\" data-index-in-node=\"493\">luxe<\/b> serein et d\u00e9contract\u00e9 \u00e0 nos projets d'am\u00e9nagement.<\/p>\r\n<p data-path-to-node=\"4\">Nos showrooms de <b data-path-to-node=\"4\" data-index-in-node=\"17\">Nice, Cannes, Monaco, Saint-Tropez et Marseille<\/b> exposent ces collections pens\u00e9es pour durer. Par ailleurs, notre bureau d'\u00e9tude con\u00e7oit vos espaces ext\u00e9rieurs partout en France pour des clients exigeants. Ce <b data-path-to-node=\"4\" data-index-in-node=\"225\">mobilier haut de gamme<\/b> incarne l'\u00e9quilibre parfait entre la performance technique et l'esth\u00e9tique r\u00e9sidentielle. En choisissant Roda, vous investissez dans des pi\u00e8ces qui subliment l'art de vivre en plein air avec une sophistication rare.<\/p>\r\n<p data-path-to-node=\"5\">\u3164<\/p>\r\n\r\n<h2 data-path-to-node=\"6\">L'invention du design \"In and Out\"<\/h2>\r\n<p data-path-to-node=\"7\">L'histoire de Roda commence en 1990 avec une vision claire : donner au mobilier d'ext\u00e9rieur la m\u00eame dignit\u00e9 culturelle qu'au mobilier d'int\u00e9rieur. Sous l'impulsion de son fondateur Roberto Pompa et de la direction artistique de <b data-path-to-node=\"7\" data-index-in-node=\"228\">Rodolfo Dordoni<\/b>, la marque a transform\u00e9 l'am\u00e9nagement outdoor en une discipline de haute vol\u00e9e. Elle a su marier des mat\u00e9riaux robustes avec une exigence artisanale de <b data-path-to-node=\"7\" data-index-in-node=\"396\">luxe<\/b>. Cette approche fait de Roda la r\u00e9f\u00e9rence mondiale du <b data-path-to-node=\"7\" data-index-in-node=\"455\">design contemporain<\/b> pour l'ext\u00e9rieur.<\/p>\r\n<p data-path-to-node=\"8\">Cette r\u00e9ussite s'appuie sur une recherche constante sur la durabilit\u00e9 des textures et des structures. En effet, Roda utilise des bois de teck, des pierres naturelles et des tissus techniques d'une grande finesse. Cette rigueur s\u00e9duit les amateurs de <b data-path-to-node=\"8\" data-index-in-node=\"250\">d\u00e9coration haut de gamme<\/b> en qu\u00eate d'une continuit\u00e9 visuelle entre leurs espaces. La marque continue d'\u00e9voluer en proposant des palettes chromatiques inspir\u00e9es de la nature. Par cons\u00e9quent, chaque pi\u00e8ce devient un \u00e9l\u00e9ment central de votre patrimoine esth\u00e9tique ext\u00e9rieur.<\/p>\r\n<p data-path-to-node=\"9\">\u3164<\/p>\r\n\r\n<h2 data-path-to-node=\"10\">Des ic\u00f4nes de Dordoni aux signatures actuelles<\/h2>\r\n<p data-path-to-node=\"11\">Le r\u00e9pertoire de Roda rassemble des mod\u00e8les que nous utilisons fr\u00e9quemment pour signer nos projets de luxe en bord de mer ou en terrasse. Les cr\u00e9ations de <b data-path-to-node=\"11\" data-index-in-node=\"155\">Rodolfo Dordoni<\/b>, comme la collection <b data-path-to-node=\"11\" data-index-in-node=\"192\">Network<\/b> ou les canap\u00e9s <b data-path-to-node=\"11\" data-index-in-node=\"215\">Mistral<\/b>, sont des jalons essentiels de l'histoire du design outdoor. De m\u00eame, les structures en acier et sangles de la ligne <b data-path-to-node=\"11\" data-index-in-node=\"340\">Spool<\/b> apportent une l\u00e9g\u00e8ret\u00e9 visuelle unique. Ces pi\u00e8ces offrent une identit\u00e9 architecturale forte \u00e0 chaque projet de Bel \u0152il.<\/p>\r\n<p data-path-to-node=\"12\">Aujourd'hui, la marque collabore avec des designers de renom comme Gordon Guillaumier ou Maria Gabriella Zecca. Leurs cr\u00e9ations contemporaines dialoguent avec les jardins et les piscines, offrant une vision transversale de la <b data-path-to-node=\"12\" data-index-in-node=\"226\">d\u00e9coration d'exception<\/b>. Qu'il s'agisse de cuisines ext\u00e9rieures sophistiqu\u00e9es ou de lits de repos magistraux, l'exigence de finition est constante. Finalement, la noblesse des mat\u00e9riaux et la justesse du trait subliment votre quotidien sous le soleil.<\/p>\r\n<p data-path-to-node=\"13\">\u3164<\/p>\r\n\r\n<h2 data-path-to-node=\"14\">Pourquoi choisir Roda pour vos projets ?<\/h2>\r\n<p data-path-to-node=\"15\">La marque propose des solutions qui allient prestige ext\u00e9rieur et qualit\u00e9 d'ex\u00e9cution :<\/p>\r\n\r\n<ul data-path-to-node=\"16\">\r\n \t<li>\r\n<p data-path-to-node=\"16,0,0\"><b data-path-to-node=\"16,0,0\" data-index-in-node=\"0\">Un concept d'am\u00e9nagement global :<\/b> Roda permet de cr\u00e9er une transition fluide et \u00e9l\u00e9gante entre l'int\u00e9rieur et l'ext\u00e9rieur de votre villa de <b data-path-to-node=\"16,0,0\" data-index-in-node=\"140\">luxe<\/b>.<\/p>\r\n<\/li>\r\n \t<li>\r\n<p data-path-to-node=\"16,1,0\"><b data-path-to-node=\"16,1,0\" data-index-in-node=\"0\">Une r\u00e9sistance climatique exceptionnelle :<\/b> l'usage de mat\u00e9riaux haut de gamme comme le teck et l'inox assure une long\u00e9vit\u00e9 face aux embruns et au soleil.<\/p>\r\n<\/li>\r\n \t<li>\r\n<p data-path-to-node=\"16,2,0\"><b data-path-to-node=\"16,2,0\" data-index-in-node=\"0\">Un confort digne du salon :<\/b> les rembourrages et les textiles techniques offrent une souplesse et un accueil identiques au mobilier indoor.<\/p>\r\n<\/li>\r\n \t<li>\r\n<p data-path-to-node=\"16,3,0\"><b data-path-to-node=\"16,3,0\" data-index-in-node=\"0\">Une esth\u00e9tique sophistiqu\u00e9e :<\/b> les lignes sobres et les finitions naturelles s'adaptent aux architectures les plus prestigieuses.<\/p>\r\n<\/li>\r\n \t<li>\r\n<p data-path-to-node=\"16,4,0\"><b data-path-to-node=\"16,4,0\" data-index-in-node=\"0\">Une fabrication italienne d'\u00e9lite :<\/b> le soin apport\u00e9 aux assemblages garantit un mobilier capable de traverser les saisons sans perdre sa superbe.<\/p>\r\n<\/li>\r\n<\/ul>\r\n<p data-path-to-node=\"17\">\u3164<\/p>\r\n\r\n<h2 data-path-to-node=\"18\">L\u2019expertise Bel \u0152il<\/h2>\r\n<p data-path-to-node=\"19\">Depuis plus de 30 ans, Bel \u0152il accompagne les projets de <b data-path-to-node=\"19\" data-index-in-node=\"57\">d\u00e9coration d'exception<\/b>. Notre \u00e9quipe d'ensembliers-d\u00e9corateurs s'appuie sur une m\u00e9thodologie rigoureuse. Nous g\u00e9rons votre projet de la conception 3D jusqu'\u00e0 l'installation finale par nos techniciens qualifi\u00e9s.<\/p>\r\n<p data-path-to-node=\"20\">Nous mettons notre savoir-faire \u00e0 votre service pour int\u00e9grer Roda dans un projet global coh\u00e9rent. Notre r\u00e9seau de showrooms et notre bureau d'\u00e9tude imaginent vos futurs espaces de vie ext\u00e9rieurs. En conclusion, Bel \u0152il sublime votre habitat avec le meilleur du <b data-path-to-node=\"20\" data-index-in-node=\"262\">design<\/b> international.<\/p>","link":"https:\/\/www.bel-oeil.com\/en\/marque\/roda\/","name":"Roda","slug":"roda","taxonomy":"pwb-brand","parent":0,"meta":[],"yoast_head":"<!-- This site is optimized with the Yoast SEO plugin v27.4 - https:\/\/yoast.com\/product\/yoast-seo-wordpress\/ -->\n<title>Mobilier de Jardin de Luxe et Design Outdoor Roda | Bel \u0152il<\/title>\n<meta name=\"description\" content=\"D\u00e9couvrez Roda chez Bel \u0152il. Canap\u00e9s Network, mobilier en teck et design outdoor haut de gamme par Rodolfo Dordoni pour des am\u00e9nagements de luxe.\" \/>\n<meta name=\"robots\" content=\"index, follow, max-snippet:-1, max-image-preview:large, max-video-preview:-1\" \/>\n<link rel=\"canonical\" href=\"https:\/\/www.bel-oeil.com\/en\/marque\/roda\/\" \/>\n<script type=\"application\/ld+json\" class=\"yoast-schema-graph\">{\"@context\":\"https:\\\/\\\/schema.org\",\"@graph\":[{\"@type\":\"CollectionPage\",\"@id\":\"https:\\\/\\\/www.bel-oeil.com\\\/en\\\/marque\\\/roda\\\/\",\"url\":\"https:\\\/\\\/www.bel-oeil.com\\\/en\\\/marque\\\/roda\\\/\",\"name\":\"Mobilier de Jardin de Luxe et Design Outdoor Roda | Bel \u0152il\",\"isPartOf\":{\"@id\":\"https:\\\/\\\/www.bel-oeil.com\\\/en\\\/#website\"},\"description\":\"D\u00e9couvrez Roda chez Bel \u0152il. Canap\u00e9s Network, mobilier en teck et design outdoor haut de gamme par Rodolfo Dordoni pour des am\u00e9nagements de luxe.\",\"breadcrumb\":{\"@id\":\"https:\\\/\\\/www.bel-oeil.com\\\/en\\\/marque\\\/roda\\\/#breadcrumb\"},\"inLanguage\":\"en-US\"},{\"@type\":\"BreadcrumbList\",\"@id\":\"https:\\\/\\\/www.bel-oeil.com\\\/en\\\/marque\\\/roda\\\/#breadcrumb\",\"itemListElement\":[{\"@type\":\"ListItem\",\"position\":1,\"name\":\"Accueil\",\"item\":\"https:\\\/\\\/www.bel-oeil.com\\\/en\\\/\"},{\"@type\":\"ListItem\",\"position\":2,\"name\":\"Roda\"}]},{\"@type\":\"WebSite\",\"@id\":\"https:\\\/\\\/www.bel-oeil.com\\\/en\\\/#website\",\"url\":\"https:\\\/\\\/www.bel-oeil.com\\\/en\\\/\",\"name\":\"Bel-\u0152il\",\"description\":\"Born to Design\",\"publisher\":{\"@id\":\"https:\\\/\\\/www.bel-oeil.com\\\/en\\\/#organization\"},\"potentialAction\":[{\"@type\":\"SearchAction\",\"target\":{\"@type\":\"EntryPoint\",\"urlTemplate\":\"https:\\\/\\\/www.bel-oeil.com\\\/en\\\/?s={search_term_string}\"},\"query-input\":{\"@type\":\"PropertyValueSpecification\",\"valueRequired\":true,\"valueName\":\"search_term_string\"}}],\"inLanguage\":\"en-US\"},{\"@type\":\"Organization\",\"@id\":\"https:\\\/\\\/www.bel-oeil.com\\\/en\\\/#organization\",\"name\":\"Bel-\u0152il\",\"url\":\"https:\\\/\\\/www.bel-oeil.com\\\/en\\\/\",\"logo\":{\"@type\":\"ImageObject\",\"inLanguage\":\"en-US\",\"@id\":\"https:\\\/\\\/www.bel-oeil.com\\\/en\\\/#\\\/schema\\\/logo\\\/image\\\/\",\"url\":\"https:\\\/\\\/www.bel-oeil.com\\\/wp-content\\\/uploads\\\/2021\\\/10\\\/logo-bel-oeil-blanc.svg\",\"contentUrl\":\"https:\\\/\\\/www.bel-oeil.com\\\/wp-content\\\/uploads\\\/2021\\\/10\\\/logo-bel-oeil-blanc.svg\",\"caption\":\"Bel-\u0152il\"},\"image\":{\"@id\":\"https:\\\/\\\/www.bel-oeil.com\\\/en\\\/#\\\/schema\\\/logo\\\/image\\\/\"},\"sameAs\":[\"https:\\\/\\\/www.linkedin.com\\\/company\\\/beloeilinteriordesign\\\/\"]}]}<\/script>\n<!-- \/ Yoast SEO plugin. -->","yoast_head_json":{"title":"Mobilier de Jardin de Luxe et Design Outdoor Roda | Bel \u0152il","description":"D\u00e9couvrez Roda chez Bel \u0152il. Canap\u00e9s Network, mobilier en teck et design outdoor haut de gamme par Rodolfo Dordoni pour des am\u00e9nagements de luxe.","robots":{"index":"index","follow":"follow","max-snippet":"max-snippet:-1","max-image-preview":"max-image-preview:large","max-video-preview":"max-video-preview:-1"},"canonical":"https:\/\/www.bel-oeil.com\/en\/marque\/roda\/","schema":{"@context":"https:\/\/schema.org","@graph":[{"@type":"CollectionPage","@id":"https:\/\/www.bel-oeil.com\/en\/marque\/roda\/","url":"https:\/\/www.bel-oeil.com\/en\/marque\/roda\/","name":"Mobilier de Jardin de Luxe et Design Outdoor Roda | Bel \u0152il","isPartOf":{"@id":"https:\/\/www.bel-oeil.com\/en\/#website"},"description":"D\u00e9couvrez Roda chez Bel \u0152il. Canap\u00e9s Network, mobilier en teck et design outdoor haut de gamme par Rodolfo Dordoni pour des am\u00e9nagements de luxe.","breadcrumb":{"@id":"https:\/\/www.bel-oeil.com\/en\/marque\/roda\/#breadcrumb"},"inLanguage":"en-US"},{"@type":"BreadcrumbList","@id":"https:\/\/www.bel-oeil.com\/en\/marque\/roda\/#breadcrumb","itemListElement":[{"@type":"ListItem","position":1,"name":"Accueil","item":"https:\/\/www.bel-oeil.com\/en\/"},{"@type":"ListItem","position":2,"name":"Roda"}]},{"@type":"WebSite","@id":"https:\/\/www.bel-oeil.com\/en\/#website","url":"https:\/\/www.bel-oeil.com\/en\/","name":"Bel-\u0152il","description":"Born to Design","publisher":{"@id":"https:\/\/www.bel-oeil.com\/en\/#organization"},"potentialAction":[{"@type":"SearchAction","target":{"@type":"EntryPoint","urlTemplate":"https:\/\/www.bel-oeil.com\/en\/?s={search_term_string}"},"query-input":{"@type":"PropertyValueSpecification","valueRequired":true,"valueName":"search_term_string"}}],"inLanguage":"en-US"},{"@type":"Organization","@id":"https:\/\/www.bel-oeil.com\/en\/#organization","name":"Bel-\u0152il","url":"https:\/\/www.bel-oeil.com\/en\/","logo":{"@type":"ImageObject","inLanguage":"en-US","@id":"https:\/\/www.bel-oeil.com\/en\/#\/schema\/logo\/image\/","url":"https:\/\/www.bel-oeil.com\/wp-content\/uploads\/2021\/10\/logo-bel-oeil-blanc.svg","contentUrl":"https:\/\/www.bel-oeil.com\/wp-content\/uploads\/2021\/10\/logo-bel-oeil-blanc.svg","caption":"Bel-\u0152il"},"image":{"@id":"https:\/\/www.bel-oeil.com\/en\/#\/schema\/logo\/image\/"},"sameAs":["https:\/\/www.linkedin.com\/company\/beloeilinteriordesign\/"]}]}},"_links":{"self":[{"href":"https:\/\/www.bel-oeil.com\/en\/wp-json\/wp\/v2\/pwb-brand\/5167","targetHints":{"allow":["GET"]}}],"collection":[{"href":"https:\/\/www.bel-oeil.com\/en\/wp-json\/wp\/v2\/pwb-brand"}],"about":[{"href":"https:\/\/www.bel-oeil.com\/en\/wp-json\/wp\/v2\/taxonomies\/pwb-brand"}],"wp:post_type":[{"href":"https:\/\/www.bel-oeil.com\/en\/wp-json\/wp\/v2\/product?pwb-brand=5167"}],"curies":[{"name":"wp","href":"https:\/\/api.w.org\/{rel}","templated":true}]}}