{"id":5151,"count":5,"description":"<h1 data-path-to-node=\"40\">Nanimarquina &amp; Bel \u0152il<\/h1>\r\n<p data-path-to-node=\"41\">Bel \u0152il pr\u00e9sente les collections <b data-path-to-node=\"41\" data-index-in-node=\"33\">Nanimarquina<\/b> pour leur capacit\u00e9 \u00e0 transformer le sol en une \u0153uvre d'art textile. Notre relation avec cette marque espagnole repose sur l'amour du fait main et de l'innovation durable. En effet, Nanimarquina cr\u00e9e des tapis qui racontent des histoires \u00e0 travers les fibres et les couleurs. Nous choisissons ces <b data-path-to-node=\"41\" data-index-in-node=\"342\">tapis<\/b> pour leur richesse tactile et leur capacit\u00e9 \u00e0 lier les \u00e9l\u00e9ments d'une pi\u00e8ce. Ils apportent une chaleur et une profondeur visuelle \u00e0 nos projets de <b data-path-to-node=\"41\" data-index-in-node=\"495\">luxe<\/b>.<\/p>\r\n<p data-path-to-node=\"42\">Nos showrooms de <b data-path-to-node=\"42\" data-index-in-node=\"17\">Nice, Cannes, Monaco, Saint-Tropez et Marseille<\/b> exposent ces cr\u00e9ations d'exception. Par ailleurs, notre expertise nous permet d'installer ces pi\u00e8ces partout en France pour sublimer vos sols. Ce <b data-path-to-node=\"42\" data-index-in-node=\"211\">mobilier haut de gamme<\/b> du textile privil\u00e9gie les techniques ancestrales revisit\u00e9es par le design contemporain. Il s'int\u00e8gre naturellement dans un grand salon ou une chambre de ma\u00eetre de <b data-path-to-node=\"42\" data-index-in-node=\"397\">luxe<\/b>. En choisissant Nanimarquina, vous garantissez une \u00e2me et un confort acoustique \u00e0 votre int\u00e9rieur.<\/p>\r\n<p data-path-to-node=\"43\">\u3164<\/p>\r\n\r\n<h2 data-path-to-node=\"44\">L\u2019art du tapis entre tradition et avant-garde<\/h2>\r\n<p data-path-to-node=\"45\">L'histoire de Nanimarquina commence en 1987 \u00e0 Barcelone, fond\u00e9e par Nani Marquina. La marque s'est impos\u00e9e en d\u00e9pla\u00e7ant la production vers des pays aux traditions textiles mill\u00e9naires comme l'Inde ou le Pakistan. Elle allie la cr\u00e9ativit\u00e9 europ\u00e9enne \u00e0 un savoir-faire artisanal de <b data-path-to-node=\"45\" data-index-in-node=\"280\">luxe<\/b>. Cette rigueur fait de Nanimarquina une r\u00e9f\u00e9rence mondiale de la <b data-path-to-node=\"45\" data-index-in-node=\"350\">d\u00e9coration haut de gamme<\/b>. Chaque tapis est une pi\u00e8ce unique, fruit d'un travail manuel patient et m\u00e9ticuleux.<\/p>\r\n<p data-path-to-node=\"46\">Cette r\u00e9ussite repose sur un engagement \u00e9thique et environnemental sans faille. En effet, la marque utilise des fibres naturelles comme la laine, la soie ou le jute, et des teintures \u00e9cologiques. Cette approche s\u00e9duit les amateurs de <b data-path-to-node=\"46\" data-index-in-node=\"234\">design<\/b> sensibles \u00e0 la durabilit\u00e9 et \u00e0 la responsabilit\u00e9 sociale. La marque transforme le tapis en un \u00e9l\u00e9ment architectural central. Par cons\u00e9quent, chaque cr\u00e9ation Nanimarquina devient un investissement patrimonial pour votre demeure.<\/p>\r\n<p data-path-to-node=\"47\">\u3164<\/p>\r\n\r\n<h2 data-path-to-node=\"48\">Pourquoi choisir Nanimarquina pour vos projets ?<\/h2>\r\n<p data-path-to-node=\"49\">La marque espagnole propose des pi\u00e8ces qui allient confort sensoriel et design :<\/p>\r\n\r\n<ul data-path-to-node=\"50\">\r\n \t<li>\r\n<p data-path-to-node=\"50,0,0\"><b data-path-to-node=\"50,0,0\" data-index-in-node=\"0\">Un savoir-faire artisanal :<\/b> les techniques de nouage et de tissage main garantissent une qualit\u00e9 haut de gamme exceptionnelle.<\/p>\r\n<\/li>\r\n \t<li>\r\n<p data-path-to-node=\"50,1,0\"><b data-path-to-node=\"50,1,0\" data-index-in-node=\"0\">Une cr\u00e9ativit\u00e9 sans fronti\u00e8res :<\/b> les collaborations avec des designers comme les fr\u00e8res Bouroullec apportent un style unique.<\/p>\r\n<\/li>\r\n \t<li>\r\n<p data-path-to-node=\"50,2,0\"><b data-path-to-node=\"50,2,0\" data-index-in-node=\"0\">Des mat\u00e9riaux naturels :<\/b> l'usage de fibres nobles assure une durabilit\u00e9 et un toucher luxueux \u00e0 vos sols.<\/p>\r\n<\/li>\r\n \t<li>\r\n<p data-path-to-node=\"50,3,0\"><b data-path-to-node=\"50,3,0\" data-index-in-node=\"0\">Un confort acoustique :<\/b> les tapis Nanimarquina am\u00e9liorent la s\u00e9r\u00e9nit\u00e9 de vos espaces de <b data-path-to-node=\"50,3,0\" data-index-in-node=\"88\">luxe<\/b> en absorbant les bruits.<\/p>\r\n<\/li>\r\n \t<li>\r\n<p data-path-to-node=\"50,4,0\"><b data-path-to-node=\"50,4,0\" data-index-in-node=\"0\">Un engagement durable :<\/b> la certification Care &amp; Fair garantit une production \u00e9thique et respectueuse de l'humain.<\/p>\r\n<\/li>\r\n<\/ul>\r\n<p data-path-to-node=\"51\">\u3164<\/p>\r\n\r\n<h2 data-path-to-node=\"52\">L\u2019expertise Bel \u0152il<\/h2>\r\n<p data-path-to-node=\"53\">Depuis plus de 30 ans, Bel \u0152il accompagne les projets de <b data-path-to-node=\"53\" data-index-in-node=\"57\">d\u00e9coration d'exception<\/b>. Notre \u00e9quipe d'ensembliers-d\u00e9corateurs s'appuie sur une m\u00e9thodologie rigoureuse. Nous g\u00e9rons votre projet du choix des dimensions jusqu'\u00e0 la mise en place finale chez vous.<\/p>\r\n<p data-path-to-node=\"54\">Nous mettons notre savoir-faire \u00e0 votre service pour int\u00e9grer Nanimarquina dans un projet global coh\u00e9rent. Notre r\u00e9seau de showrooms imagine avec vous des espaces de vie chaleureux. En conclusion, Bel \u0152il sublime votre int\u00e9rieur avec le meilleur du <b data-path-to-node=\"54\" data-index-in-node=\"249\">design<\/b> international.<\/p>","link":"https:\/\/www.bel-oeil.com\/en\/marque\/nanimarquina\/","name":"Nanimarquina","slug":"nanimarquina","taxonomy":"pwb-brand","parent":0,"meta":[],"yoast_head":"<!-- This site is optimized with the Yoast SEO plugin v27.5 - https:\/\/yoast.com\/product\/yoast-seo-wordpress\/ -->\n<title>Tapis de Luxe et Design Textile Nanimarquina | Bel \u0152il<\/title>\n<meta name=\"description\" content=\"D\u00e9couvrez Nanimarquina chez Bel \u0152il. Tapis design faits main, mati\u00e8res naturelles, cr\u00e9ations haut de gamme pour des projets d\u2019am\u00e9nagement int\u00e9rieur de luxe.\" \/>\n<meta name=\"robots\" content=\"index, follow, max-snippet:-1, max-image-preview:large, max-video-preview:-1\" \/>\n<link rel=\"canonical\" href=\"https:\/\/www.bel-oeil.com\/en\/marque\/nanimarquina\/\" \/>\n<script type=\"application\/ld+json\" class=\"yoast-schema-graph\">{\"@context\":\"https:\\\/\\\/schema.org\",\"@graph\":[{\"@type\":\"CollectionPage\",\"@id\":\"https:\\\/\\\/www.bel-oeil.com\\\/en\\\/marque\\\/nanimarquina\\\/\",\"url\":\"https:\\\/\\\/www.bel-oeil.com\\\/en\\\/marque\\\/nanimarquina\\\/\",\"name\":\"Tapis de Luxe et Design Textile Nanimarquina | Bel \u0152il\",\"isPartOf\":{\"@id\":\"https:\\\/\\\/www.bel-oeil.com\\\/en\\\/#website\"},\"description\":\"D\u00e9couvrez Nanimarquina chez Bel \u0152il. Tapis design faits main, mati\u00e8res naturelles, cr\u00e9ations haut de gamme pour des projets d\u2019am\u00e9nagement int\u00e9rieur de luxe.\",\"breadcrumb\":{\"@id\":\"https:\\\/\\\/www.bel-oeil.com\\\/en\\\/marque\\\/nanimarquina\\\/#breadcrumb\"},\"inLanguage\":\"en-US\"},{\"@type\":\"BreadcrumbList\",\"@id\":\"https:\\\/\\\/www.bel-oeil.com\\\/en\\\/marque\\\/nanimarquina\\\/#breadcrumb\",\"itemListElement\":[{\"@type\":\"ListItem\",\"position\":1,\"name\":\"Accueil\",\"item\":\"https:\\\/\\\/www.bel-oeil.com\\\/en\\\/\"},{\"@type\":\"ListItem\",\"position\":2,\"name\":\"Nanimarquina\"}]},{\"@type\":\"WebSite\",\"@id\":\"https:\\\/\\\/www.bel-oeil.com\\\/en\\\/#website\",\"url\":\"https:\\\/\\\/www.bel-oeil.com\\\/en\\\/\",\"name\":\"Bel-\u0152il\",\"description\":\"Born to Design\",\"publisher\":{\"@id\":\"https:\\\/\\\/www.bel-oeil.com\\\/en\\\/#organization\"},\"potentialAction\":[{\"@type\":\"SearchAction\",\"target\":{\"@type\":\"EntryPoint\",\"urlTemplate\":\"https:\\\/\\\/www.bel-oeil.com\\\/en\\\/?s={search_term_string}\"},\"query-input\":{\"@type\":\"PropertyValueSpecification\",\"valueRequired\":true,\"valueName\":\"search_term_string\"}}],\"inLanguage\":\"en-US\"},{\"@type\":\"Organization\",\"@id\":\"https:\\\/\\\/www.bel-oeil.com\\\/en\\\/#organization\",\"name\":\"Bel-\u0152il\",\"url\":\"https:\\\/\\\/www.bel-oeil.com\\\/en\\\/\",\"logo\":{\"@type\":\"ImageObject\",\"inLanguage\":\"en-US\",\"@id\":\"https:\\\/\\\/www.bel-oeil.com\\\/en\\\/#\\\/schema\\\/logo\\\/image\\\/\",\"url\":\"https:\\\/\\\/www.bel-oeil.com\\\/wp-content\\\/uploads\\\/2021\\\/10\\\/logo-bel-oeil-blanc.svg\",\"contentUrl\":\"https:\\\/\\\/www.bel-oeil.com\\\/wp-content\\\/uploads\\\/2021\\\/10\\\/logo-bel-oeil-blanc.svg\",\"caption\":\"Bel-\u0152il\"},\"image\":{\"@id\":\"https:\\\/\\\/www.bel-oeil.com\\\/en\\\/#\\\/schema\\\/logo\\\/image\\\/\"},\"sameAs\":[\"https:\\\/\\\/www.linkedin.com\\\/company\\\/beloeilinteriordesign\\\/\"]}]}<\/script>\n<!-- \/ Yoast SEO plugin. -->","yoast_head_json":{"title":"Tapis de Luxe et Design Textile Nanimarquina | Bel \u0152il","description":"D\u00e9couvrez Nanimarquina chez Bel \u0152il. Tapis design faits main, mati\u00e8res naturelles, cr\u00e9ations haut de gamme pour des projets d\u2019am\u00e9nagement int\u00e9rieur de luxe.","robots":{"index":"index","follow":"follow","max-snippet":"max-snippet:-1","max-image-preview":"max-image-preview:large","max-video-preview":"max-video-preview:-1"},"canonical":"https:\/\/www.bel-oeil.com\/en\/marque\/nanimarquina\/","schema":{"@context":"https:\/\/schema.org","@graph":[{"@type":"CollectionPage","@id":"https:\/\/www.bel-oeil.com\/en\/marque\/nanimarquina\/","url":"https:\/\/www.bel-oeil.com\/en\/marque\/nanimarquina\/","name":"Tapis de Luxe et Design Textile Nanimarquina | Bel \u0152il","isPartOf":{"@id":"https:\/\/www.bel-oeil.com\/en\/#website"},"description":"D\u00e9couvrez Nanimarquina chez Bel \u0152il. Tapis design faits main, mati\u00e8res naturelles, cr\u00e9ations haut de gamme pour des projets d\u2019am\u00e9nagement int\u00e9rieur de luxe.","breadcrumb":{"@id":"https:\/\/www.bel-oeil.com\/en\/marque\/nanimarquina\/#breadcrumb"},"inLanguage":"en-US"},{"@type":"BreadcrumbList","@id":"https:\/\/www.bel-oeil.com\/en\/marque\/nanimarquina\/#breadcrumb","itemListElement":[{"@type":"ListItem","position":1,"name":"Accueil","item":"https:\/\/www.bel-oeil.com\/en\/"},{"@type":"ListItem","position":2,"name":"Nanimarquina"}]},{"@type":"WebSite","@id":"https:\/\/www.bel-oeil.com\/en\/#website","url":"https:\/\/www.bel-oeil.com\/en\/","name":"Bel-\u0152il","description":"Born to Design","publisher":{"@id":"https:\/\/www.bel-oeil.com\/en\/#organization"},"potentialAction":[{"@type":"SearchAction","target":{"@type":"EntryPoint","urlTemplate":"https:\/\/www.bel-oeil.com\/en\/?s={search_term_string}"},"query-input":{"@type":"PropertyValueSpecification","valueRequired":true,"valueName":"search_term_string"}}],"inLanguage":"en-US"},{"@type":"Organization","@id":"https:\/\/www.bel-oeil.com\/en\/#organization","name":"Bel-\u0152il","url":"https:\/\/www.bel-oeil.com\/en\/","logo":{"@type":"ImageObject","inLanguage":"en-US","@id":"https:\/\/www.bel-oeil.com\/en\/#\/schema\/logo\/image\/","url":"https:\/\/www.bel-oeil.com\/wp-content\/uploads\/2021\/10\/logo-bel-oeil-blanc.svg","contentUrl":"https:\/\/www.bel-oeil.com\/wp-content\/uploads\/2021\/10\/logo-bel-oeil-blanc.svg","caption":"Bel-\u0152il"},"image":{"@id":"https:\/\/www.bel-oeil.com\/en\/#\/schema\/logo\/image\/"},"sameAs":["https:\/\/www.linkedin.com\/company\/beloeilinteriordesign\/"]}]}},"_links":{"self":[{"href":"https:\/\/www.bel-oeil.com\/en\/wp-json\/wp\/v2\/pwb-brand\/5151","targetHints":{"allow":["GET"]}}],"collection":[{"href":"https:\/\/www.bel-oeil.com\/en\/wp-json\/wp\/v2\/pwb-brand"}],"about":[{"href":"https:\/\/www.bel-oeil.com\/en\/wp-json\/wp\/v2\/taxonomies\/pwb-brand"}],"wp:post_type":[{"href":"https:\/\/www.bel-oeil.com\/en\/wp-json\/wp\/v2\/product?pwb-brand=5151"}],"curies":[{"name":"wp","href":"https:\/\/api.w.org\/{rel}","templated":true}]}}