{"id":5146,"count":2,"description":"<h1 data-path-to-node=\"46\">Trib\u00f9 &amp; Bel \u0152il<\/h1>\r\n<p data-path-to-node=\"47\">Bel \u0152il pr\u00e9sente les collections <b data-path-to-node=\"47\" data-index-in-node=\"33\">Trib\u00f9<\/b> pour leur vision de l'\u00e9l\u00e9gance discr\u00e8te et leur expertise mondiale dans l'outdoor de luxe. Notre relation avec cette maison familiale belge repose sur la recherche d'une harmonie parfaite entre l'architecture et la nature. Nous s\u00e9lectionnons ces <b data-path-to-node=\"47\" data-index-in-node=\"285\">meubles de jardin<\/b> pour leur capacit\u00e9 \u00e0 transformer vos terrasses en de v\u00e9ritables havres de paix sophistiqu\u00e9s. Ils apportent une dimension de <b data-path-to-node=\"47\" data-index-in-node=\"427\">luxe<\/b> serein et une qualit\u00e9 de vie incomparable \u00e0 nos projets d'am\u00e9nagement ext\u00e9rieur.<\/p>\r\n<p data-path-to-node=\"48\">Nos showrooms de <b data-path-to-node=\"48\" data-index-in-node=\"17\">Nice, Cannes, Monaco, Saint-Tropez et Marseille<\/b> exposent ces collections qui d\u00e9fient les saisons. Par ailleurs, notre bureau d'\u00e9tude con\u00e7oit vos jardins et terrasses partout en France pour des clients exigeants. Ce <b data-path-to-node=\"48\" data-index-in-node=\"232\">mobilier haut de gamme<\/b> incarne l'\u00e9quilibre parfait entre la r\u00e9sistance technique et l'esth\u00e9tique r\u00e9sidentielle la plus raffin\u00e9e. En choisissant Trib\u00f9, vous investissez dans \"l'art de vivre \u00e0 l'ext\u00e9rieur\" avec une \u00e9l\u00e9gance intemporelle.<\/p>\r\n<p data-path-to-node=\"49\">\u3164<\/p>\r\n\r\n<h2 data-path-to-node=\"50\">L'innovation belge et le raffinement ext\u00e9rieur<\/h2>\r\n<p data-path-to-node=\"51\">L'histoire de Trib\u00f9 commence au d\u00e9but des ann\u00e9es 90 avec l'ambition de faire du jardin une extension fluide de l'int\u00e9rieur. Pionni\u00e8re dans le secteur du mobilier outdoor haut de gamme, la marque a su s'imposer par sa discr\u00e9tion et son sens du d\u00e9tail. Elle a su marier des mat\u00e9riaux de pointe avec une exigence artisanale de <b data-path-to-node=\"51\" data-index-in-node=\"324\">luxe<\/b>, o\u00f9 chaque finition est pens\u00e9e pour r\u00e9sister aux climats les plus rudes. Cette approche fait de Trib\u00f9 une r\u00e9f\u00e9rence mondiale du <b data-path-to-node=\"51\" data-index-in-node=\"457\">design contemporain<\/b> ext\u00e9rieur.<\/p>\r\n<p data-path-to-node=\"52\">Cette r\u00e9ussite s'appuie sur une philosophie de design \"intemporel\", refusant les modes passag\u00e8res pour privil\u00e9gier la p\u00e9rennit\u00e9. En effet, Trib\u00f9 collabore avec des designers internationaux pour cr\u00e9er des pi\u00e8ces qui s'int\u00e8grent naturellement dans tout environnement. Cette rigueur s\u00e9duit les amateurs de <b data-path-to-node=\"52\" data-index-in-node=\"303\">d\u00e9coration haut de gamme<\/b> en qu\u00eate de mobilier durable et apaisant. La marque continue d'\u00e9voluer en d\u00e9veloppant des textiles techniques d'une douceur exceptionnelle. Par cons\u00e9quent, chaque pi\u00e8ce devient un \u00e9l\u00e9ment central de votre patrimoine esth\u00e9tique outdoor.<\/p>\r\n<p data-path-to-node=\"53\">\u3164<\/p>\r\n\r\n<h2 data-path-to-node=\"54\">Des ic\u00f4nes de Monica Armani aux collections Amanu<\/h2>\r\n<p data-path-to-node=\"55\">Le r\u00e9pertoire de Trib\u00f9 rassemble des mod\u00e8les que nous utilisons fr\u00e9quemment pour signer nos projets de luxe les plus exclusifs. Les cr\u00e9ations de <b data-path-to-node=\"55\" data-index-in-node=\"145\">Monica Armani<\/b>, comme la collection <b data-path-to-node=\"55\" data-index-in-node=\"180\">Tosca<\/b>, sont des jalons essentiels avec leurs tressages monumentaux et \u00e9l\u00e9gants. De m\u00eame, les lignes pures de la collection <b data-path-to-node=\"55\" data-index-in-node=\"303\">Natal Alu<\/b> ou le raffinement de la ligne <b data-path-to-node=\"55\" data-index-in-node=\"343\">Amanu<\/b> apportent une s\u00e9r\u00e9nit\u00e9 visuelle unique \u00e0 chaque projet de Bel \u0152il. Ces pi\u00e8ces offrent une identit\u00e9 architecturale forte et chaleureuse.<\/p>\r\n<p data-path-to-node=\"56\">Aujourd'hui, la marque collabore avec des cr\u00e9ateurs comme Yabu Pushelberg ou Vincent Van Duysen. Leurs cr\u00e9ations contemporaines dialoguent avec la lumi\u00e8re m\u00e9diterran\u00e9enne, offrant une vision transversale de la <b data-path-to-node=\"56\" data-index-in-node=\"210\">d\u00e9coration d'exception<\/b>. Qu'il s'agisse de tables de repas magistrales ou de canap\u00e9s de jardin enveloppants, l'exigence de finition est constante. Finalement, la noblesse des mat\u00e9riaux et la justesse du trait subliment votre quotidien.<\/p>\r\n<p data-path-to-node=\"57\">\u3164<\/p>\r\n\r\n<h2 data-path-to-node=\"58\">Pourquoi choisir Trib\u00f9 pour vos projets ?<\/h2>\r\n<p data-path-to-node=\"59\">La marque propose des solutions qui allient prestige outdoor et qualit\u00e9 d'ex\u00e9cution :<\/p>\r\n\r\n<ul data-path-to-node=\"60\">\r\n \t<li>\r\n<p data-path-to-node=\"60,0,0\"><b data-path-to-node=\"60,0,0\" data-index-in-node=\"0\">Une r\u00e9sistance climatique totale :<\/b> les mat\u00e9riaux comme le teck, l'aluminium laqu\u00e9 et les fibres synth\u00e9tiques sont test\u00e9s pour supporter les UV et l'humidit\u00e9.<\/p>\r\n<\/li>\r\n \t<li>\r\n<p data-path-to-node=\"60,1,0\"><b data-path-to-node=\"60,1,0\" data-index-in-node=\"0\">Un confort identique \u00e0 l'int\u00e9rieur :<\/b> gr\u00e2ce \u00e0 des mousses drainantes et des tissus d\u00e9perlants d'une douceur rare, le confort est absolu.<\/p>\r\n<\/li>\r\n \t<li>\r\n<p data-path-to-node=\"60,2,0\"><b data-path-to-node=\"60,2,0\" data-index-in-node=\"0\">Une esth\u00e9tique sobre et luxueuse :<\/b> le design \u00e9pur\u00e9 de Trib\u00f9 ne surcharge pas l'espace et valorise l'architecture de votre villa de <b data-path-to-node=\"60,2,0\" data-index-in-node=\"131\">luxe<\/b>.<\/p>\r\n<\/li>\r\n \t<li>\r\n<p data-path-to-node=\"60,3,0\"><b data-path-to-node=\"60,3,0\" data-index-in-node=\"0\">Une durabilit\u00e9 exemplaire :<\/b> la qualit\u00e9 des assemblages garantit un mobilier capable de traverser les ann\u00e9es en conservant son aspect originel.<\/p>\r\n<\/li>\r\n \t<li>\r\n<p data-path-to-node=\"60,4,0\"><b data-path-to-node=\"60,4,0\" data-index-in-node=\"0\">Une harmonie avec la nature :<\/b> les palettes de couleurs naturelles et les mat\u00e9riaux organiques cr\u00e9ent une atmosph\u00e8re de bien-\u00eatre imm\u00e9diat.<\/p>\r\n<\/li>\r\n<\/ul>\r\n<p data-path-to-node=\"61\">\u3164<\/p>\r\n\r\n<h2 data-path-to-node=\"62\">L\u2019expertise Bel \u0152il<\/h2>\r\n<p data-path-to-node=\"63\">Depuis plus de 30 ans, Bel \u0152il accompagne les projets de <b data-path-to-node=\"63\" data-index-in-node=\"57\">d\u00e9coration d'exception<\/b>. Notre \u00e9quipe d'ensembliers-d\u00e9corateurs s'appuie sur une m\u00e9thodologie rigoureuse. Nous g\u00e9rons votre projet de la conception paysag\u00e8re jusqu'\u00e0 l'installation finale par nos techniciens qualifi\u00e9s.<\/p>\r\n<p data-path-to-node=\"64\">Nous mettons notre savoir-faire \u00e0 votre service pour int\u00e9grer Trib\u00f9 dans un projet global coh\u00e9rent. Notre r\u00e9seau de showrooms et notre bureau d'\u00e9tude imaginent vos futurs espaces de vie ext\u00e9rieurs. En conclusion, Bel \u0152il sublime votre habitat avec le meilleur du <b data-path-to-node=\"64\" data-index-in-node=\"263\">design<\/b> international.<\/p>","link":"https:\/\/www.bel-oeil.com\/en\/marque\/tribu\/","name":"Tribu","slug":"tribu","taxonomy":"pwb-brand","parent":0,"meta":[],"yoast_head":"<!-- This site is optimized with the Yoast SEO plugin v27.5 - https:\/\/yoast.com\/product\/yoast-seo-wordpress\/ -->\n<title>Mobilier de Jardin de Luxe et Design Outdoor Trib\u00f9 | Bel \u0152il<\/title>\n<meta name=\"description\" content=\"D\u00e9couvrez Trib\u00f9 chez Bel \u0152il. Canap\u00e9s Tosca, mobilier en teck et design outdoor haut de gamme pour des am\u00e9nagements de terrasses et jardins de luxe.\" \/>\n<meta name=\"robots\" content=\"index, follow, max-snippet:-1, max-image-preview:large, max-video-preview:-1\" \/>\n<link rel=\"canonical\" href=\"https:\/\/www.bel-oeil.com\/en\/marque\/tribu\/\" \/>\n<script type=\"application\/ld+json\" class=\"yoast-schema-graph\">{\"@context\":\"https:\\\/\\\/schema.org\",\"@graph\":[{\"@type\":\"CollectionPage\",\"@id\":\"https:\\\/\\\/www.bel-oeil.com\\\/en\\\/marque\\\/tribu\\\/\",\"url\":\"https:\\\/\\\/www.bel-oeil.com\\\/en\\\/marque\\\/tribu\\\/\",\"name\":\"Mobilier de Jardin de Luxe et Design Outdoor Trib\u00f9 | Bel \u0152il\",\"isPartOf\":{\"@id\":\"https:\\\/\\\/www.bel-oeil.com\\\/en\\\/#website\"},\"description\":\"D\u00e9couvrez Trib\u00f9 chez Bel \u0152il. Canap\u00e9s Tosca, mobilier en teck et design outdoor haut de gamme pour des am\u00e9nagements de terrasses et jardins de luxe.\",\"breadcrumb\":{\"@id\":\"https:\\\/\\\/www.bel-oeil.com\\\/en\\\/marque\\\/tribu\\\/#breadcrumb\"},\"inLanguage\":\"en-US\"},{\"@type\":\"BreadcrumbList\",\"@id\":\"https:\\\/\\\/www.bel-oeil.com\\\/en\\\/marque\\\/tribu\\\/#breadcrumb\",\"itemListElement\":[{\"@type\":\"ListItem\",\"position\":1,\"name\":\"Accueil\",\"item\":\"https:\\\/\\\/www.bel-oeil.com\\\/en\\\/\"},{\"@type\":\"ListItem\",\"position\":2,\"name\":\"Tribu\"}]},{\"@type\":\"WebSite\",\"@id\":\"https:\\\/\\\/www.bel-oeil.com\\\/en\\\/#website\",\"url\":\"https:\\\/\\\/www.bel-oeil.com\\\/en\\\/\",\"name\":\"Bel-\u0152il\",\"description\":\"Born to Design\",\"publisher\":{\"@id\":\"https:\\\/\\\/www.bel-oeil.com\\\/en\\\/#organization\"},\"potentialAction\":[{\"@type\":\"SearchAction\",\"target\":{\"@type\":\"EntryPoint\",\"urlTemplate\":\"https:\\\/\\\/www.bel-oeil.com\\\/en\\\/?s={search_term_string}\"},\"query-input\":{\"@type\":\"PropertyValueSpecification\",\"valueRequired\":true,\"valueName\":\"search_term_string\"}}],\"inLanguage\":\"en-US\"},{\"@type\":\"Organization\",\"@id\":\"https:\\\/\\\/www.bel-oeil.com\\\/en\\\/#organization\",\"name\":\"Bel-\u0152il\",\"url\":\"https:\\\/\\\/www.bel-oeil.com\\\/en\\\/\",\"logo\":{\"@type\":\"ImageObject\",\"inLanguage\":\"en-US\",\"@id\":\"https:\\\/\\\/www.bel-oeil.com\\\/en\\\/#\\\/schema\\\/logo\\\/image\\\/\",\"url\":\"https:\\\/\\\/www.bel-oeil.com\\\/wp-content\\\/uploads\\\/2021\\\/10\\\/logo-bel-oeil-blanc.svg\",\"contentUrl\":\"https:\\\/\\\/www.bel-oeil.com\\\/wp-content\\\/uploads\\\/2021\\\/10\\\/logo-bel-oeil-blanc.svg\",\"caption\":\"Bel-\u0152il\"},\"image\":{\"@id\":\"https:\\\/\\\/www.bel-oeil.com\\\/en\\\/#\\\/schema\\\/logo\\\/image\\\/\"},\"sameAs\":[\"https:\\\/\\\/www.linkedin.com\\\/company\\\/beloeilinteriordesign\\\/\"]}]}<\/script>\n<!-- \/ Yoast SEO plugin. -->","yoast_head_json":{"title":"Mobilier de Jardin de Luxe et Design Outdoor Trib\u00f9 | Bel \u0152il","description":"D\u00e9couvrez Trib\u00f9 chez Bel \u0152il. Canap\u00e9s Tosca, mobilier en teck et design outdoor haut de gamme pour des am\u00e9nagements de terrasses et jardins de luxe.","robots":{"index":"index","follow":"follow","max-snippet":"max-snippet:-1","max-image-preview":"max-image-preview:large","max-video-preview":"max-video-preview:-1"},"canonical":"https:\/\/www.bel-oeil.com\/en\/marque\/tribu\/","schema":{"@context":"https:\/\/schema.org","@graph":[{"@type":"CollectionPage","@id":"https:\/\/www.bel-oeil.com\/en\/marque\/tribu\/","url":"https:\/\/www.bel-oeil.com\/en\/marque\/tribu\/","name":"Mobilier de Jardin de Luxe et Design Outdoor Trib\u00f9 | Bel \u0152il","isPartOf":{"@id":"https:\/\/www.bel-oeil.com\/en\/#website"},"description":"D\u00e9couvrez Trib\u00f9 chez Bel \u0152il. Canap\u00e9s Tosca, mobilier en teck et design outdoor haut de gamme pour des am\u00e9nagements de terrasses et jardins de luxe.","breadcrumb":{"@id":"https:\/\/www.bel-oeil.com\/en\/marque\/tribu\/#breadcrumb"},"inLanguage":"en-US"},{"@type":"BreadcrumbList","@id":"https:\/\/www.bel-oeil.com\/en\/marque\/tribu\/#breadcrumb","itemListElement":[{"@type":"ListItem","position":1,"name":"Accueil","item":"https:\/\/www.bel-oeil.com\/en\/"},{"@type":"ListItem","position":2,"name":"Tribu"}]},{"@type":"WebSite","@id":"https:\/\/www.bel-oeil.com\/en\/#website","url":"https:\/\/www.bel-oeil.com\/en\/","name":"Bel-\u0152il","description":"Born to Design","publisher":{"@id":"https:\/\/www.bel-oeil.com\/en\/#organization"},"potentialAction":[{"@type":"SearchAction","target":{"@type":"EntryPoint","urlTemplate":"https:\/\/www.bel-oeil.com\/en\/?s={search_term_string}"},"query-input":{"@type":"PropertyValueSpecification","valueRequired":true,"valueName":"search_term_string"}}],"inLanguage":"en-US"},{"@type":"Organization","@id":"https:\/\/www.bel-oeil.com\/en\/#organization","name":"Bel-\u0152il","url":"https:\/\/www.bel-oeil.com\/en\/","logo":{"@type":"ImageObject","inLanguage":"en-US","@id":"https:\/\/www.bel-oeil.com\/en\/#\/schema\/logo\/image\/","url":"https:\/\/www.bel-oeil.com\/wp-content\/uploads\/2021\/10\/logo-bel-oeil-blanc.svg","contentUrl":"https:\/\/www.bel-oeil.com\/wp-content\/uploads\/2021\/10\/logo-bel-oeil-blanc.svg","caption":"Bel-\u0152il"},"image":{"@id":"https:\/\/www.bel-oeil.com\/en\/#\/schema\/logo\/image\/"},"sameAs":["https:\/\/www.linkedin.com\/company\/beloeilinteriordesign\/"]}]}},"_links":{"self":[{"href":"https:\/\/www.bel-oeil.com\/en\/wp-json\/wp\/v2\/pwb-brand\/5146","targetHints":{"allow":["GET"]}}],"collection":[{"href":"https:\/\/www.bel-oeil.com\/en\/wp-json\/wp\/v2\/pwb-brand"}],"about":[{"href":"https:\/\/www.bel-oeil.com\/en\/wp-json\/wp\/v2\/taxonomies\/pwb-brand"}],"wp:post_type":[{"href":"https:\/\/www.bel-oeil.com\/en\/wp-json\/wp\/v2\/product?pwb-brand=5146"}],"curies":[{"name":"wp","href":"https:\/\/api.w.org\/{rel}","templated":true}]}}