{"id":5127,"count":13,"description":"<h1 data-path-to-node=\"25\">Flexform &amp; Bel \u0152il<\/h1>\r\n<p data-path-to-node=\"26\">Bel \u0152il pr\u00e9sente les collections <b data-path-to-node=\"26\" data-index-in-node=\"33\">Flexform<\/b> pour leur \u00e9l\u00e9gance discr\u00e8te et leur confort souverain. Notre relation avec cette maison italienne repose sur l'appr\u00e9ciation du luxe sans ostentation. En effet, Flexform incarne parfaitement le concept du \"chic d\u00e9contract\u00e9\" \u00e0 l'italienne. Nous choisissons ces <b data-path-to-node=\"26\" data-index-in-node=\"301\">canap\u00e9s<\/b> pour leur qualit\u00e9 de fabrication artisanale et leur p\u00e9rennit\u00e9. Ils constituent l'\u00e9l\u00e9ment central de nos projets d'am\u00e9nagement de <b data-path-to-node=\"26\" data-index-in-node=\"438\">luxe<\/b> les plus prestigieux.<\/p>\r\n<p data-path-to-node=\"27\">Nos showrooms de <b data-path-to-node=\"27\" data-index-in-node=\"17\">Nice, Cannes, Monaco, Saint-Tropez et Marseille<\/b> exposent ces pi\u00e8ces embl\u00e9matiques. Par ailleurs, notre expertise nous permet d'installer ces collections partout en France. Ce <b data-path-to-node=\"27\" data-index-in-node=\"192\">mobilier haut de gamme<\/b> privil\u00e9gie les mati\u00e8res nobles comme le cuir, le cachemire et le bois massif. Il s'int\u00e8gre naturellement dans un grand salon contemporain ou une suite de grand h\u00f4tel. En choisissant Flexform, vous garantissez une atmosph\u00e8re de s\u00e9r\u00e9nit\u00e9 absolue \u00e0 votre int\u00e9rieur.<\/p>\r\n<p data-path-to-node=\"28\">\u3164<\/p>\r\n\r\n<h2 data-path-to-node=\"29\">L\u2019art du canap\u00e9 et le confort intemporel<\/h2>\r\n<p data-path-to-node=\"30\">L'histoire de Flexform commence en 1959 dans le district de la Brianza. Tr\u00e8s vite, la marque se distingue par une approche rigoureuse de la structure et du rembourrage. Elle a red\u00e9fini les standards du confort moderne avec des assises profondes et accueillantes. Cette exigence fait de Flexform une r\u00e9f\u00e9rence mondiale du <b data-path-to-node=\"30\" data-index-in-node=\"321\">design italien<\/b>. Chaque meuble est fabriqu\u00e9 avec une pr\u00e9cision d'orf\u00e8vre pour assurer un maintien parfait au fil des ans.<\/p>\r\n<p data-path-to-node=\"31\">Cette r\u00e9ussite est indissociable de la collaboration historique avec l'architecte <b data-path-to-node=\"31\" data-index-in-node=\"82\">Antonio Citterio<\/b>. En effet, ce designer a dessin\u00e9 l'essentiel des collections, cr\u00e9ant une identit\u00e9 visuelle coh\u00e9rente. Cette approche s\u00e9duit les amateurs de <b data-path-to-node=\"31\" data-index-in-node=\"239\">d\u00e9coration haut de gamme<\/b> en qu\u00eate de sobri\u00e9t\u00e9. La marque refuse les modes passag\u00e8res pour se concentrer sur l'\u00e9l\u00e9gance pure. Par cons\u00e9quent, chaque pi\u00e8ce Flexform devient un classique ind\u00e9modable pour votre patrimoine.<\/p>\r\n<p data-path-to-node=\"32\">\u3164<\/p>\r\n\r\n<h2 data-path-to-node=\"33\">Ic\u00f4nes Groundpiece et signatures d\u2019Antonio Citterio<\/h2>\r\n<p data-path-to-node=\"34\">Le catalogue Flexform regorge de mod\u00e8les que nous affectionnons pour leur intelligence spatiale. Le <b data-path-to-node=\"34\" data-index-in-node=\"100\">canap\u00e9 Groundpiece<\/b>, dessin\u00e9 par Antonio Citterio, est devenu une ic\u00f4ne mondiale du <b data-path-to-node=\"34\" data-index-in-node=\"183\">design contemporain<\/b>. Il a r\u00e9volutionn\u00e9 la mani\u00e8re de vivre le salon avec ses accoudoirs biblioth\u00e8ques. De m\u00eame, les fauteuils et les lits structurent l'espace avec une douceur rare. Ces pi\u00e8ces apportent une signature chaleureuse \u00e0 chaque projet de Bel \u0152il.<\/p>\r\n<p data-path-to-node=\"35\">Les collections comme <b data-path-to-node=\"35\" data-index-in-node=\"22\">Long Island<\/b> ou <b data-path-to-node=\"35\" data-index-in-node=\"37\">Cestone<\/b> t\u00e9moignent d'une ma\u00eetrise parfaite des mat\u00e9riaux. Chaque objet est pens\u00e9 pour offrir une exp\u00e9rience sensorielle unique \u00e0 l'utilisateur. Ce niveau d'exigence d\u00e9finit le <b data-path-to-node=\"35\" data-index-in-node=\"213\">mobilier de luxe<\/b> selon Flexform. Qu'il s'agisse de tables basses ou de biblioth\u00e8ques, l'harmonie chromatique est toujours juste. Finalement, la fonction se marie \u00e0 la beaut\u00e9 pour sublimer votre quotidien.<\/p>\r\n<p data-path-to-node=\"36\">\u3164<\/p>\r\n\r\n<h2 data-path-to-node=\"37\">Pourquoi choisir Flexform pour vos projets ?<\/h2>\r\n<p data-path-to-node=\"38\">La marque italienne propose des pi\u00e8ces qui allient distinction et bien-\u00eatre total :<\/p>\r\n\r\n<ul data-path-to-node=\"39\">\r\n \t<li>\r\n<p data-path-to-node=\"39,0,0\"><b data-path-to-node=\"39,0,0\" data-index-in-node=\"0\">Un confort d'assise in\u00e9gal\u00e9 :<\/b> l'usage de duvet d'oie et de mousses haute r\u00e9silience garantit une souplesse exceptionnelle.<\/p>\r\n<\/li>\r\n \t<li>\r\n<p data-path-to-node=\"39,1,0\"><b data-path-to-node=\"39,1,0\" data-index-in-node=\"0\">Une esth\u00e9tique intemporelle :<\/b> les lignes sobres de Flexform s'adaptent \u00e0 tous les styles d'architectures de <b data-path-to-node=\"39,1,0\" data-index-in-node=\"108\">luxe<\/b>.<\/p>\r\n<\/li>\r\n \t<li>\r\n<p data-path-to-node=\"39,2,0\"><b data-path-to-node=\"39,2,0\" data-index-in-node=\"0\">Une fabrication 100% Made in Italy :<\/b> le contr\u00f4le total de la production assure une qualit\u00e9 de finition irr\u00e9prochable.<\/p>\r\n<\/li>\r\n \t<li>\r\n<p data-path-to-node=\"39,3,0\"><b data-path-to-node=\"39,3,0\" data-index-in-node=\"0\">Des mat\u00e9riaux sophistiqu\u00e9s :<\/b> les tissus exclusifs et les cuirs pleine fleur apportent une texture luxueuse \u00e0 votre d\u00e9coration.<\/p>\r\n<\/li>\r\n \t<li>\r\n<p data-path-to-node=\"39,4,0\"><b data-path-to-node=\"39,4,0\" data-index-in-node=\"0\">Une durabilit\u00e9 exemplaire :<\/b> la robustesse des structures permet au mobilier de conserver son allure durant des d\u00e9cennies.<\/p>\r\n<\/li>\r\n<\/ul>\r\n<p data-path-to-node=\"40\">\u3164<\/p>\r\n\r\n<h2 data-path-to-node=\"41\">L\u2019expertise Bel \u0152il<\/h2>\r\n<p data-path-to-node=\"42\">Depuis plus de 30 ans, Bel \u0152il accompagne les projets de <b data-path-to-node=\"42\" data-index-in-node=\"57\">d\u00e9coration d'exception<\/b>. Notre \u00e9quipe d'ensembliers-d\u00e9corateurs s'appuie sur une m\u00e9thodologie rigoureuse. Nous g\u00e9rons votre projet de la conception spatiale jusqu'\u00e0 l'installation finale par nos techniciens.<\/p>\r\n<p data-path-to-node=\"43\">Nous mettons notre savoir-faire \u00e0 votre service pour int\u00e9grer Flexform dans un projet global coh\u00e9rent. Notre r\u00e9seau de showrooms et notre bureau d'\u00e9tude imaginent vos futurs espaces de vie. En conclusion, Bel \u0152il sublime votre int\u00e9rieur avec le meilleur du <b data-path-to-node=\"43\" data-index-in-node=\"257\">design<\/b> international.<\/p>","link":"https:\/\/www.bel-oeil.com\/en\/marque\/flexform\/","name":"Flexform","slug":"flexform","taxonomy":"pwb-brand","parent":0,"meta":[],"yoast_head":"<!-- This site is optimized with the Yoast SEO plugin v27.4 - https:\/\/yoast.com\/product\/yoast-seo-wordpress\/ -->\n<title>Canap\u00e9s de Luxe et Mobilier Design Italien Flexform | Bel \u0152il<\/title>\n<meta name=\"description\" content=\"D\u00e9couvrez Flexform chez Bel \u0152il. Canap\u00e9 Groundpiece, design d&#039;Antonio Citterio et mobilier haut de gamme pour des projets d\u2019am\u00e9nagement de luxe.\" \/>\n<meta name=\"robots\" content=\"index, follow, max-snippet:-1, max-image-preview:large, max-video-preview:-1\" \/>\n<link rel=\"canonical\" href=\"https:\/\/www.bel-oeil.com\/en\/marque\/flexform\/\" \/>\n<script type=\"application\/ld+json\" class=\"yoast-schema-graph\">{\"@context\":\"https:\\\/\\\/schema.org\",\"@graph\":[{\"@type\":\"CollectionPage\",\"@id\":\"https:\\\/\\\/www.bel-oeil.com\\\/en\\\/marque\\\/flexform\\\/\",\"url\":\"https:\\\/\\\/www.bel-oeil.com\\\/en\\\/marque\\\/flexform\\\/\",\"name\":\"Canap\u00e9s de Luxe et Mobilier Design Italien Flexform | Bel \u0152il\",\"isPartOf\":{\"@id\":\"https:\\\/\\\/www.bel-oeil.com\\\/en\\\/#website\"},\"description\":\"D\u00e9couvrez Flexform chez Bel \u0152il. Canap\u00e9 Groundpiece, design d'Antonio Citterio et mobilier haut de gamme pour des projets d\u2019am\u00e9nagement de luxe.\",\"breadcrumb\":{\"@id\":\"https:\\\/\\\/www.bel-oeil.com\\\/en\\\/marque\\\/flexform\\\/#breadcrumb\"},\"inLanguage\":\"en-US\"},{\"@type\":\"BreadcrumbList\",\"@id\":\"https:\\\/\\\/www.bel-oeil.com\\\/en\\\/marque\\\/flexform\\\/#breadcrumb\",\"itemListElement\":[{\"@type\":\"ListItem\",\"position\":1,\"name\":\"Accueil\",\"item\":\"https:\\\/\\\/www.bel-oeil.com\\\/en\\\/\"},{\"@type\":\"ListItem\",\"position\":2,\"name\":\"Flexform\"}]},{\"@type\":\"WebSite\",\"@id\":\"https:\\\/\\\/www.bel-oeil.com\\\/en\\\/#website\",\"url\":\"https:\\\/\\\/www.bel-oeil.com\\\/en\\\/\",\"name\":\"Bel-\u0152il\",\"description\":\"Born to Design\",\"publisher\":{\"@id\":\"https:\\\/\\\/www.bel-oeil.com\\\/en\\\/#organization\"},\"potentialAction\":[{\"@type\":\"SearchAction\",\"target\":{\"@type\":\"EntryPoint\",\"urlTemplate\":\"https:\\\/\\\/www.bel-oeil.com\\\/en\\\/?s={search_term_string}\"},\"query-input\":{\"@type\":\"PropertyValueSpecification\",\"valueRequired\":true,\"valueName\":\"search_term_string\"}}],\"inLanguage\":\"en-US\"},{\"@type\":\"Organization\",\"@id\":\"https:\\\/\\\/www.bel-oeil.com\\\/en\\\/#organization\",\"name\":\"Bel-\u0152il\",\"url\":\"https:\\\/\\\/www.bel-oeil.com\\\/en\\\/\",\"logo\":{\"@type\":\"ImageObject\",\"inLanguage\":\"en-US\",\"@id\":\"https:\\\/\\\/www.bel-oeil.com\\\/en\\\/#\\\/schema\\\/logo\\\/image\\\/\",\"url\":\"https:\\\/\\\/www.bel-oeil.com\\\/wp-content\\\/uploads\\\/2021\\\/10\\\/logo-bel-oeil-blanc.svg\",\"contentUrl\":\"https:\\\/\\\/www.bel-oeil.com\\\/wp-content\\\/uploads\\\/2021\\\/10\\\/logo-bel-oeil-blanc.svg\",\"caption\":\"Bel-\u0152il\"},\"image\":{\"@id\":\"https:\\\/\\\/www.bel-oeil.com\\\/en\\\/#\\\/schema\\\/logo\\\/image\\\/\"},\"sameAs\":[\"https:\\\/\\\/www.linkedin.com\\\/company\\\/beloeilinteriordesign\\\/\"]}]}<\/script>\n<!-- \/ Yoast SEO plugin. -->","yoast_head_json":{"title":"Canap\u00e9s de Luxe et Mobilier Design Italien Flexform | Bel \u0152il","description":"D\u00e9couvrez Flexform chez Bel \u0152il. Canap\u00e9 Groundpiece, design d'Antonio Citterio et mobilier haut de gamme pour des projets d\u2019am\u00e9nagement de luxe.","robots":{"index":"index","follow":"follow","max-snippet":"max-snippet:-1","max-image-preview":"max-image-preview:large","max-video-preview":"max-video-preview:-1"},"canonical":"https:\/\/www.bel-oeil.com\/en\/marque\/flexform\/","schema":{"@context":"https:\/\/schema.org","@graph":[{"@type":"CollectionPage","@id":"https:\/\/www.bel-oeil.com\/en\/marque\/flexform\/","url":"https:\/\/www.bel-oeil.com\/en\/marque\/flexform\/","name":"Canap\u00e9s de Luxe et Mobilier Design Italien Flexform | Bel \u0152il","isPartOf":{"@id":"https:\/\/www.bel-oeil.com\/en\/#website"},"description":"D\u00e9couvrez Flexform chez Bel \u0152il. Canap\u00e9 Groundpiece, design d'Antonio Citterio et mobilier haut de gamme pour des projets d\u2019am\u00e9nagement de luxe.","breadcrumb":{"@id":"https:\/\/www.bel-oeil.com\/en\/marque\/flexform\/#breadcrumb"},"inLanguage":"en-US"},{"@type":"BreadcrumbList","@id":"https:\/\/www.bel-oeil.com\/en\/marque\/flexform\/#breadcrumb","itemListElement":[{"@type":"ListItem","position":1,"name":"Accueil","item":"https:\/\/www.bel-oeil.com\/en\/"},{"@type":"ListItem","position":2,"name":"Flexform"}]},{"@type":"WebSite","@id":"https:\/\/www.bel-oeil.com\/en\/#website","url":"https:\/\/www.bel-oeil.com\/en\/","name":"Bel-\u0152il","description":"Born to Design","publisher":{"@id":"https:\/\/www.bel-oeil.com\/en\/#organization"},"potentialAction":[{"@type":"SearchAction","target":{"@type":"EntryPoint","urlTemplate":"https:\/\/www.bel-oeil.com\/en\/?s={search_term_string}"},"query-input":{"@type":"PropertyValueSpecification","valueRequired":true,"valueName":"search_term_string"}}],"inLanguage":"en-US"},{"@type":"Organization","@id":"https:\/\/www.bel-oeil.com\/en\/#organization","name":"Bel-\u0152il","url":"https:\/\/www.bel-oeil.com\/en\/","logo":{"@type":"ImageObject","inLanguage":"en-US","@id":"https:\/\/www.bel-oeil.com\/en\/#\/schema\/logo\/image\/","url":"https:\/\/www.bel-oeil.com\/wp-content\/uploads\/2021\/10\/logo-bel-oeil-blanc.svg","contentUrl":"https:\/\/www.bel-oeil.com\/wp-content\/uploads\/2021\/10\/logo-bel-oeil-blanc.svg","caption":"Bel-\u0152il"},"image":{"@id":"https:\/\/www.bel-oeil.com\/en\/#\/schema\/logo\/image\/"},"sameAs":["https:\/\/www.linkedin.com\/company\/beloeilinteriordesign\/"]}]}},"_links":{"self":[{"href":"https:\/\/www.bel-oeil.com\/en\/wp-json\/wp\/v2\/pwb-brand\/5127","targetHints":{"allow":["GET"]}}],"collection":[{"href":"https:\/\/www.bel-oeil.com\/en\/wp-json\/wp\/v2\/pwb-brand"}],"about":[{"href":"https:\/\/www.bel-oeil.com\/en\/wp-json\/wp\/v2\/taxonomies\/pwb-brand"}],"wp:post_type":[{"href":"https:\/\/www.bel-oeil.com\/en\/wp-json\/wp\/v2\/product?pwb-brand=5127"}],"curies":[{"name":"wp","href":"https:\/\/api.w.org\/{rel}","templated":true}]}}