{"id":5125,"count":35,"description":"<h1 data-path-to-node=\"13\">Knoll<\/h1>\r\n<p data-path-to-node=\"14\">La marque Knoll incarne l'essence m\u00eame du design moderne et l'h\u00e9ritage intellectuel du Bauhaus. Depuis trois d\u00e9cennies, Bel \u0152il pr\u00e9sente ces collections r\u00e9sidentielles comme de v\u00e9ritables chefs-d\u2019\u0153uvre de l'histoire de l'art. Notre collaboration avec cette maison prestigieuse nous permet de proposer des pi\u00e8ces iconiques qui d\u00e9finissent l'\u00e9l\u00e9gance de vos salons. Nous s\u00e9lectionnons Knoll pour sa capacit\u00e9 \u00e0 marier la rigueur des lignes architecturales \u00e0 une sensualit\u00e9 des mat\u00e9riaux exceptionnelle. Par cons\u00e9quent, chaque meuble Knoll devient le point focal de votre d\u00e9coration int\u00e9rieure, apportant une valeur culturelle imm\u00e9diate \u00e0 votre habitat.<\/p>\r\n\r\n<h2 data-path-to-node=\"15\">L\u2019h\u00e9ritage du Bauhaus et les fondements du design moderne<\/h2>\r\n<p data-path-to-node=\"16\">L'aventure Knoll commence en 1938 \u00e0 New York sous l'impulsion de Hans Knoll, rejoint rapidement par Florence Schust. Ensemble, ils ont appliqu\u00e9 les principes fondamentaux du Bauhaus \u00e0 la production de mobilier haut de gamme. En effet, la philosophie \"Modern Always\" guide encore aujourd'hui chaque r\u00e9\u00e9dition et chaque nouvelle cr\u00e9ation de la marque. Knoll ne se contente pas de fabriquer des meubles, elle \u00e9dite des standards de perfection qui ont r\u00e9volutionn\u00e9 l'habitat au XXe si\u00e8cle. Par ailleurs, la marque a toujours su s'entourer des esprits les plus brillants de l'architecture mondiale. Ainsi, choisir Knoll, c'est adopter une vision du monde o\u00f9 la forme suit la fonction avec une gr\u00e2ce absolue.<\/p>\r\n\r\n<h2 data-path-to-node=\"17\">Les chefs-d\u2019\u0153uvre de Mies van der Rohe et Eero Saarinen<\/h2>\r\n<p data-path-to-node=\"18\">Le catalogue Knoll abrite les ic\u00f4nes les plus c\u00e9l\u00e8bres du design r\u00e9sidentiel mondial. Par exemple, la chauffeuse Barcelona de Ludwig Mies van der Rohe reste le symbole ultime du luxe minimaliste. De m\u00eame, la collection Tulip d'Eero Saarinen a lib\u00e9r\u00e9 nos int\u00e9rieurs de la \"confusion des pieds\" avec ses lignes organiques r\u00e9volutionnaires. Ces pi\u00e8ces sont fabriqu\u00e9es selon des standards de qualit\u00e9 extr\u00eamement rigoureux, utilisant des cuirs et des aciers de premi\u00e8re cat\u00e9gorie. Par cons\u00e9quent, ces meubles traversent les d\u00e9cennies en conservant leur beaut\u00e9 et leur prestige originels. Chaque \u00e9dition est sign\u00e9e et num\u00e9rot\u00e9e, garantissant ainsi son authenticit\u00e9 et sa valeur patrimoniale.<\/p>\r\n\r\n<h2 data-path-to-node=\"19\">Le mobilier comme \u0153uvre d'art : l'esth\u00e9tique \"Less is More\"<\/h2>\r\n<p data-path-to-node=\"20\">La force de Knoll r\u00e9side dans sa capacit\u00e9 \u00e0 cr\u00e9er des objets qui poss\u00e8dent une pr\u00e9sence sculpturale unique. Que ce soit la chaise Diamond de Harry Bertoia ou les tables de Warren Platner, chaque cr\u00e9ation joue avec la lumi\u00e8re et la transparence. Cette esth\u00e9tique \u00e9pur\u00e9e permet d'all\u00e9ger visuellement vos espaces tout en y apportant une identit\u00e9 forte. De plus, Knoll continue de collaborer avec des designers contemporains comme Piero Lissoni ou Edward Barber &amp; Jay Osgerby. Ces nouvelles signatures respectent l'ADN de la marque tout en apportant un confort adapt\u00e9 aux besoins actuels. En somme, l'univers Knoll transforme votre int\u00e9rieur en une galerie priv\u00e9e o\u00f9 chaque meuble raconte une page de l'histoire du design.<\/p>\r\n\r\n<h2 data-path-to-node=\"21\">Pourquoi investir dans une \u00e9dition originale Knoll ?<\/h2>\r\n<p data-path-to-node=\"22\">Chez Bel \u0152il, nous insistons sur l'importance d'acqu\u00e9rir des \u00e9ditions originales Knoll pour garantir la p\u00e9rennit\u00e9 de votre investissement. Notre r\u00f4le d'expert consiste \u00e0 vous guider parmi les nombreuses finitions et textiles exclusifs propos\u00e9s par la marque. Nous int\u00e9grons ces pi\u00e8ces magistrales dans vos projets globaux pour cr\u00e9er des ambiances qui allient prestige et confort. Notre bureau d'\u00e9tude s'assure que chaque ic\u00f4ne trouve sa place id\u00e9ale pour magnifier votre architecture int\u00e9rieure. En conclusion, nous mettons notre savoir-faire au service de votre passion pour les objets d'exception. Venez d\u00e9couvrir ces chefs-d'\u0153uvre dans nos showrooms de Nice, Cannes, Monaco, Saint-Tropez et Marseille.<\/p>","link":"https:\/\/www.bel-oeil.com\/en\/marque\/knoll\/","name":"Knoll","slug":"knoll","taxonomy":"pwb-brand","parent":0,"meta":[],"yoast_head":"<!-- This site is optimized with the Yoast SEO plugin v27.4 - https:\/\/yoast.com\/product\/yoast-seo-wordpress\/ -->\n<title>Mobilier Design de Luxe et Table Tulip Knoll | Bel \u0152il<\/title>\n<meta name=\"description\" content=\"D\u00e9couvrez Knoll chez Bel \u0152il. Table Tulip d&#039;Eero Saarinen, fauteuil Barcelona et mobilier haut de gamme pour des projets d\u2019am\u00e9nagement int\u00e9rieur de luxe.\" \/>\n<meta name=\"robots\" content=\"index, follow, max-snippet:-1, max-image-preview:large, max-video-preview:-1\" \/>\n<link rel=\"canonical\" href=\"https:\/\/www.bel-oeil.com\/en\/marque\/knoll\/\" \/>\n<script type=\"application\/ld+json\" class=\"yoast-schema-graph\">{\"@context\":\"https:\\\/\\\/schema.org\",\"@graph\":[{\"@type\":\"CollectionPage\",\"@id\":\"https:\\\/\\\/www.bel-oeil.com\\\/en\\\/marque\\\/knoll\\\/\",\"url\":\"https:\\\/\\\/www.bel-oeil.com\\\/en\\\/marque\\\/knoll\\\/\",\"name\":\"Mobilier Design de Luxe et Table Tulip Knoll | Bel \u0152il\",\"isPartOf\":{\"@id\":\"https:\\\/\\\/www.bel-oeil.com\\\/en\\\/#website\"},\"description\":\"D\u00e9couvrez Knoll chez Bel \u0152il. Table Tulip d'Eero Saarinen, fauteuil Barcelona et mobilier haut de gamme pour des projets d\u2019am\u00e9nagement int\u00e9rieur de luxe.\",\"breadcrumb\":{\"@id\":\"https:\\\/\\\/www.bel-oeil.com\\\/en\\\/marque\\\/knoll\\\/#breadcrumb\"},\"inLanguage\":\"en-US\"},{\"@type\":\"BreadcrumbList\",\"@id\":\"https:\\\/\\\/www.bel-oeil.com\\\/en\\\/marque\\\/knoll\\\/#breadcrumb\",\"itemListElement\":[{\"@type\":\"ListItem\",\"position\":1,\"name\":\"Accueil\",\"item\":\"https:\\\/\\\/www.bel-oeil.com\\\/en\\\/\"},{\"@type\":\"ListItem\",\"position\":2,\"name\":\"Knoll\"}]},{\"@type\":\"WebSite\",\"@id\":\"https:\\\/\\\/www.bel-oeil.com\\\/en\\\/#website\",\"url\":\"https:\\\/\\\/www.bel-oeil.com\\\/en\\\/\",\"name\":\"Bel-\u0152il\",\"description\":\"Born to Design\",\"publisher\":{\"@id\":\"https:\\\/\\\/www.bel-oeil.com\\\/en\\\/#organization\"},\"potentialAction\":[{\"@type\":\"SearchAction\",\"target\":{\"@type\":\"EntryPoint\",\"urlTemplate\":\"https:\\\/\\\/www.bel-oeil.com\\\/en\\\/?s={search_term_string}\"},\"query-input\":{\"@type\":\"PropertyValueSpecification\",\"valueRequired\":true,\"valueName\":\"search_term_string\"}}],\"inLanguage\":\"en-US\"},{\"@type\":\"Organization\",\"@id\":\"https:\\\/\\\/www.bel-oeil.com\\\/en\\\/#organization\",\"name\":\"Bel-\u0152il\",\"url\":\"https:\\\/\\\/www.bel-oeil.com\\\/en\\\/\",\"logo\":{\"@type\":\"ImageObject\",\"inLanguage\":\"en-US\",\"@id\":\"https:\\\/\\\/www.bel-oeil.com\\\/en\\\/#\\\/schema\\\/logo\\\/image\\\/\",\"url\":\"https:\\\/\\\/www.bel-oeil.com\\\/wp-content\\\/uploads\\\/2021\\\/10\\\/logo-bel-oeil-blanc.svg\",\"contentUrl\":\"https:\\\/\\\/www.bel-oeil.com\\\/wp-content\\\/uploads\\\/2021\\\/10\\\/logo-bel-oeil-blanc.svg\",\"caption\":\"Bel-\u0152il\"},\"image\":{\"@id\":\"https:\\\/\\\/www.bel-oeil.com\\\/en\\\/#\\\/schema\\\/logo\\\/image\\\/\"},\"sameAs\":[\"https:\\\/\\\/www.linkedin.com\\\/company\\\/beloeilinteriordesign\\\/\"]}]}<\/script>\n<!-- \/ Yoast SEO plugin. -->","yoast_head_json":{"title":"Mobilier Design de Luxe et Table Tulip Knoll | Bel \u0152il","description":"D\u00e9couvrez Knoll chez Bel \u0152il. Table Tulip d'Eero Saarinen, fauteuil Barcelona et mobilier haut de gamme pour des projets d\u2019am\u00e9nagement int\u00e9rieur de luxe.","robots":{"index":"index","follow":"follow","max-snippet":"max-snippet:-1","max-image-preview":"max-image-preview:large","max-video-preview":"max-video-preview:-1"},"canonical":"https:\/\/www.bel-oeil.com\/en\/marque\/knoll\/","schema":{"@context":"https:\/\/schema.org","@graph":[{"@type":"CollectionPage","@id":"https:\/\/www.bel-oeil.com\/en\/marque\/knoll\/","url":"https:\/\/www.bel-oeil.com\/en\/marque\/knoll\/","name":"Mobilier Design de Luxe et Table Tulip Knoll | Bel \u0152il","isPartOf":{"@id":"https:\/\/www.bel-oeil.com\/en\/#website"},"description":"D\u00e9couvrez Knoll chez Bel \u0152il. Table Tulip d'Eero Saarinen, fauteuil Barcelona et mobilier haut de gamme pour des projets d\u2019am\u00e9nagement int\u00e9rieur de luxe.","breadcrumb":{"@id":"https:\/\/www.bel-oeil.com\/en\/marque\/knoll\/#breadcrumb"},"inLanguage":"en-US"},{"@type":"BreadcrumbList","@id":"https:\/\/www.bel-oeil.com\/en\/marque\/knoll\/#breadcrumb","itemListElement":[{"@type":"ListItem","position":1,"name":"Accueil","item":"https:\/\/www.bel-oeil.com\/en\/"},{"@type":"ListItem","position":2,"name":"Knoll"}]},{"@type":"WebSite","@id":"https:\/\/www.bel-oeil.com\/en\/#website","url":"https:\/\/www.bel-oeil.com\/en\/","name":"Bel-\u0152il","description":"Born to Design","publisher":{"@id":"https:\/\/www.bel-oeil.com\/en\/#organization"},"potentialAction":[{"@type":"SearchAction","target":{"@type":"EntryPoint","urlTemplate":"https:\/\/www.bel-oeil.com\/en\/?s={search_term_string}"},"query-input":{"@type":"PropertyValueSpecification","valueRequired":true,"valueName":"search_term_string"}}],"inLanguage":"en-US"},{"@type":"Organization","@id":"https:\/\/www.bel-oeil.com\/en\/#organization","name":"Bel-\u0152il","url":"https:\/\/www.bel-oeil.com\/en\/","logo":{"@type":"ImageObject","inLanguage":"en-US","@id":"https:\/\/www.bel-oeil.com\/en\/#\/schema\/logo\/image\/","url":"https:\/\/www.bel-oeil.com\/wp-content\/uploads\/2021\/10\/logo-bel-oeil-blanc.svg","contentUrl":"https:\/\/www.bel-oeil.com\/wp-content\/uploads\/2021\/10\/logo-bel-oeil-blanc.svg","caption":"Bel-\u0152il"},"image":{"@id":"https:\/\/www.bel-oeil.com\/en\/#\/schema\/logo\/image\/"},"sameAs":["https:\/\/www.linkedin.com\/company\/beloeilinteriordesign\/"]}]}},"_links":{"self":[{"href":"https:\/\/www.bel-oeil.com\/en\/wp-json\/wp\/v2\/pwb-brand\/5125","targetHints":{"allow":["GET"]}}],"collection":[{"href":"https:\/\/www.bel-oeil.com\/en\/wp-json\/wp\/v2\/pwb-brand"}],"about":[{"href":"https:\/\/www.bel-oeil.com\/en\/wp-json\/wp\/v2\/taxonomies\/pwb-brand"}],"wp:post_type":[{"href":"https:\/\/www.bel-oeil.com\/en\/wp-json\/wp\/v2\/product?pwb-brand=5125"}],"curies":[{"name":"wp","href":"https:\/\/api.w.org\/{rel}","templated":true}]}}