{"id":5123,"count":7,"description":"<h1 data-path-to-node=\"25\">ClassiCon &amp; Bel \u0152il<\/h1>\r\n<p data-path-to-node=\"26\">Bel \u0152il pr\u00e9sente les collections <b data-path-to-node=\"26\" data-index-in-node=\"33\">ClassiCon<\/b> pour leur \u00e9l\u00e9gance intemporelle et leur qualit\u00e9 rare. Notre relation avec cet \u00e9diteur allemand repose sur la valorisation de chefs-d'\u0153uvre du design. En effet, ClassiCon r\u00e9\u00e9dite des pi\u00e8ces iconiques tout en soutenant la cr\u00e9ation contemporaine. Nous choisissons ces <b data-path-to-node=\"26\" data-index-in-node=\"308\">meubles<\/b> pour leur caract\u00e8re sculptural et leur raffinement. Ils apportent une identit\u00e9 pr\u00e9cieuse \u00e0 nos projets de <b data-path-to-node=\"26\" data-index-in-node=\"422\">luxe<\/b> les plus pointus.<\/p>\r\n<p data-path-to-node=\"27\">Nos showrooms de <b data-path-to-node=\"27\" data-index-in-node=\"17\">Nice, Cannes, Monaco, Saint-Tropez et Marseille<\/b> exposent ces cr\u00e9ations d'exception. Par ailleurs, nous conseillons ces pi\u00e8ces pour des int\u00e9rieurs singuliers partout en France. Ce <b data-path-to-node=\"27\" data-index-in-node=\"196\">mobilier haut de gamme<\/b> privil\u00e9gie l'artisanat de haute vol\u00e9e. Il s'int\u00e8gre naturellement dans un salon priv\u00e9 ou une suite prestigieuse. En choisissant ClassiCon, nous garantissons une atmosph\u00e8re de <b data-path-to-node=\"27\" data-index-in-node=\"394\">design<\/b> \u00e0 la fois classique et moderne.<\/p>\r\n<p data-path-to-node=\"28\">\u3164<\/p>\r\n\r\n<h2 data-path-to-node=\"29\">L\u2019art de l\u2019\u00e9dition de chefs-d'\u0153uvre<\/h2>\r\n<p data-path-to-node=\"30\">L'histoire de ClassiCon est li\u00e9e \u00e0 la pr\u00e9servation d'un patrimoine mobilier exceptionnel. La marque est c\u00e9l\u00e8bre pour ses droits exclusifs sur les cr\u00e9ations d'<b data-path-to-node=\"30\" data-index-in-node=\"158\">Eileen Gray<\/b>. Ses pi\u00e8ces sont aujourd'hui pr\u00e9sentes dans les collections des mus\u00e9es mondiaux. ClassiCon collabore \u00e9galement avec des designers actuels pour inventer les classiques de demain. La fabrication privil\u00e9gie des ateliers artisanaux pour assurer une qualit\u00e9 de <b data-path-to-node=\"30\" data-index-in-node=\"426\">luxe<\/b>.<\/p>\r\n<p data-path-to-node=\"31\">Cette r\u00e9ussite repose sur un respect total de l'intention des cr\u00e9ateurs originaux. En effet, la marque utilise des mat\u00e9riaux pr\u00e9cieux comme le verre souffl\u00e9 et les laques fines. Cette approche s\u00e9duit les amateurs de <b data-path-to-node=\"31\" data-index-in-node=\"216\">d\u00e9coration haut de gamme<\/b> en qu\u00eate de pi\u00e8ces rares. La marque refuse les tendances \u00e9ph\u00e9m\u00e8res au profit d'un dessin permanent. Par cons\u00e9quent, chaque meuble ClassiCon devient un objet de collection durable pour votre int\u00e9rieur.<\/p>\r\n<p data-path-to-node=\"32\">\u3164<\/p>\r\n\r\n<h2 data-path-to-node=\"33\">Ic\u00f4nes d'Eileen Gray et signatures contemporaines<\/h2>\r\n<p data-path-to-node=\"34\">Le catalogue ClassiCon regorge de mod\u00e8les que nous affectionnons pour leur finesse. La <b data-path-to-node=\"34\" data-index-in-node=\"87\">table ajustable E 1027<\/b> d'Eileen Gray est une ic\u00f4ne mondiale du <b data-path-to-node=\"34\" data-index-in-node=\"150\">design contemporain<\/b>. Elle offre une modularit\u00e9 et une l\u00e9g\u00e8ret\u00e9 visuelle incomparables. De m\u00eame, le fauteuil Bibendum structure l'espace avec une audace g\u00e9om\u00e9trique. Ces pi\u00e8ces apportent une signature culturelle forte \u00e0 chaque projet de Bel \u0152il.<\/p>\r\n<p data-path-to-node=\"35\">Les collaborations avec des cr\u00e9ateurs comme <b data-path-to-node=\"35\" data-index-in-node=\"44\">Sebastian Herkner<\/b> sont \u00e9galement marquantes. Son <b data-path-to-node=\"35\" data-index-in-node=\"93\">Bell Table<\/b>, avec sa base en verre souffl\u00e9, est devenu un nouveau classique du mobilier. Chaque objet t\u00e9moigne d'un souci du d\u00e9tail exceptionnel dans les finitions. Ce niveau d'exigence d\u00e9finit le <b data-path-to-node=\"35\" data-index-in-node=\"289\">mobilier de luxe<\/b> selon ClassiCon. Finalement, la transparence et la couleur se marient pour sublimer votre quotidien.<\/p>\r\n<p data-path-to-node=\"36\">\u3164<\/p>\r\n\r\n<h2 data-path-to-node=\"37\">Pourquoi choisir ClassiCon pour vos projets ?<\/h2>\r\n<p data-path-to-node=\"38\">La marque allemande propose des pi\u00e8ces qui allient prestige historique et innovation :<\/p>\r\n\r\n<ul data-path-to-node=\"39\">\r\n \t<li>\r\n<p data-path-to-node=\"39,0,0\"><b data-path-to-node=\"39,0,0\" data-index-in-node=\"0\">Un patrimoine exclusif :<\/b> poss\u00e9der une r\u00e9\u00e9dition autoris\u00e9e d'Eileen Gray apporte une dimension artistique \u00e0 votre habitat.<\/p>\r\n<\/li>\r\n \t<li>\r\n<p data-path-to-node=\"39,1,0\"><b data-path-to-node=\"39,1,0\" data-index-in-node=\"0\">Une fabrication artisanale :<\/b> l'usage de techniques traditionnelles garantit des finitions d'une qualit\u00e9 sup\u00e9rieure.<\/p>\r\n<\/li>\r\n \t<li>\r\n<p data-path-to-node=\"39,2,0\"><b data-path-to-node=\"39,2,0\" data-index-in-node=\"0\">Des mat\u00e9riaux de haute qualit\u00e9 :<\/b> le verre souffl\u00e9 \u00e0 la bouche et les m\u00e9taux polis assurent une esth\u00e9tique luxueuse.<\/p>\r\n<\/li>\r\n \t<li>\r\n<p data-path-to-node=\"39,3,0\"><b data-path-to-node=\"39,3,0\" data-index-in-node=\"0\">Une valeur patrimoniale :<\/b> les meubles ClassiCon sont des investissements s\u00fbrs qui traversent les modes sans vieillir.<\/p>\r\n<\/li>\r\n \t<li>\r\n<p data-path-to-node=\"39,4,0\"><b data-path-to-node=\"39,4,0\" data-index-in-node=\"0\">Une \u00e9l\u00e9gance discr\u00e8te :<\/b> le design \u00e9pur\u00e9 de ces pi\u00e8ces permet de les int\u00e9grer dans des architectures tr\u00e8s diverses.<\/p>\r\n<\/li>\r\n<\/ul>\r\n<p data-path-to-node=\"40\">\u3164<\/p>\r\n\r\n<h2 data-path-to-node=\"41\">L\u2019expertise Bel \u0152il<\/h2>\r\n<p data-path-to-node=\"42\">Depuis plus de 30 ans, Bel \u0152il accompagne les projets de d\u00e9coration les plus ambitieux. Notre \u00e9quipe d'ensembliers-d\u00e9corateurs s'appuie sur une m\u00e9thodologie rigoureuse. Nous g\u00e9rons votre projet de la conception des plans jusqu'\u00e0 l'installation finale par nos techniciens.<\/p>\r\n<p data-path-to-node=\"43\">Nous mettons notre savoir-faire \u00e0 votre service pour int\u00e9grer ClassiCon dans un projet global. Notre r\u00e9seau de showrooms imagine avec vous des espaces de vie uniques et durables. En conclusion, Bel \u0152il sublime votre int\u00e9rieur avec le meilleur du <b data-path-to-node=\"43\" data-index-in-node=\"246\">design<\/b> international.<\/p>","link":"https:\/\/www.bel-oeil.com\/en\/marque\/classicon\/","name":"Classicon","slug":"classicon","taxonomy":"pwb-brand","parent":0,"meta":[],"yoast_head":"<!-- This site is optimized with the Yoast SEO plugin v27.4 - https:\/\/yoast.com\/product\/yoast-seo-wordpress\/ -->\n<title>Mobilier de Luxe et Design Eileen Gray ClassiCon | Bel \u0152il<\/title>\n<meta name=\"description\" content=\"D\u00e9couvrez ClassiCon chez Bel \u0152il. Table E 1027 d&#039;Eileen Gray, Bell Table de Sebastian Herkner et mobilier haut de gamme pour vos projets de luxe.\" \/>\n<meta name=\"robots\" content=\"index, follow, max-snippet:-1, max-image-preview:large, max-video-preview:-1\" \/>\n<link rel=\"canonical\" href=\"https:\/\/www.bel-oeil.com\/en\/marque\/classicon\/\" \/>\n<script type=\"application\/ld+json\" class=\"yoast-schema-graph\">{\"@context\":\"https:\\\/\\\/schema.org\",\"@graph\":[{\"@type\":\"CollectionPage\",\"@id\":\"https:\\\/\\\/www.bel-oeil.com\\\/en\\\/marque\\\/classicon\\\/\",\"url\":\"https:\\\/\\\/www.bel-oeil.com\\\/en\\\/marque\\\/classicon\\\/\",\"name\":\"Mobilier de Luxe et Design Eileen Gray ClassiCon | Bel \u0152il\",\"isPartOf\":{\"@id\":\"https:\\\/\\\/www.bel-oeil.com\\\/en\\\/#website\"},\"description\":\"D\u00e9couvrez ClassiCon chez Bel \u0152il. Table E 1027 d'Eileen Gray, Bell Table de Sebastian Herkner et mobilier haut de gamme pour vos projets de luxe.\",\"breadcrumb\":{\"@id\":\"https:\\\/\\\/www.bel-oeil.com\\\/en\\\/marque\\\/classicon\\\/#breadcrumb\"},\"inLanguage\":\"en-US\"},{\"@type\":\"BreadcrumbList\",\"@id\":\"https:\\\/\\\/www.bel-oeil.com\\\/en\\\/marque\\\/classicon\\\/#breadcrumb\",\"itemListElement\":[{\"@type\":\"ListItem\",\"position\":1,\"name\":\"Accueil\",\"item\":\"https:\\\/\\\/www.bel-oeil.com\\\/en\\\/\"},{\"@type\":\"ListItem\",\"position\":2,\"name\":\"Classicon\"}]},{\"@type\":\"WebSite\",\"@id\":\"https:\\\/\\\/www.bel-oeil.com\\\/en\\\/#website\",\"url\":\"https:\\\/\\\/www.bel-oeil.com\\\/en\\\/\",\"name\":\"Bel-\u0152il\",\"description\":\"Born to Design\",\"publisher\":{\"@id\":\"https:\\\/\\\/www.bel-oeil.com\\\/en\\\/#organization\"},\"potentialAction\":[{\"@type\":\"SearchAction\",\"target\":{\"@type\":\"EntryPoint\",\"urlTemplate\":\"https:\\\/\\\/www.bel-oeil.com\\\/en\\\/?s={search_term_string}\"},\"query-input\":{\"@type\":\"PropertyValueSpecification\",\"valueRequired\":true,\"valueName\":\"search_term_string\"}}],\"inLanguage\":\"en-US\"},{\"@type\":\"Organization\",\"@id\":\"https:\\\/\\\/www.bel-oeil.com\\\/en\\\/#organization\",\"name\":\"Bel-\u0152il\",\"url\":\"https:\\\/\\\/www.bel-oeil.com\\\/en\\\/\",\"logo\":{\"@type\":\"ImageObject\",\"inLanguage\":\"en-US\",\"@id\":\"https:\\\/\\\/www.bel-oeil.com\\\/en\\\/#\\\/schema\\\/logo\\\/image\\\/\",\"url\":\"https:\\\/\\\/www.bel-oeil.com\\\/wp-content\\\/uploads\\\/2021\\\/10\\\/logo-bel-oeil-blanc.svg\",\"contentUrl\":\"https:\\\/\\\/www.bel-oeil.com\\\/wp-content\\\/uploads\\\/2021\\\/10\\\/logo-bel-oeil-blanc.svg\",\"caption\":\"Bel-\u0152il\"},\"image\":{\"@id\":\"https:\\\/\\\/www.bel-oeil.com\\\/en\\\/#\\\/schema\\\/logo\\\/image\\\/\"},\"sameAs\":[\"https:\\\/\\\/www.linkedin.com\\\/company\\\/beloeilinteriordesign\\\/\"]}]}<\/script>\n<!-- \/ Yoast SEO plugin. -->","yoast_head_json":{"title":"Mobilier de Luxe et Design Eileen Gray ClassiCon | Bel \u0152il","description":"D\u00e9couvrez ClassiCon chez Bel \u0152il. Table E 1027 d'Eileen Gray, Bell Table de Sebastian Herkner et mobilier haut de gamme pour vos projets de luxe.","robots":{"index":"index","follow":"follow","max-snippet":"max-snippet:-1","max-image-preview":"max-image-preview:large","max-video-preview":"max-video-preview:-1"},"canonical":"https:\/\/www.bel-oeil.com\/en\/marque\/classicon\/","schema":{"@context":"https:\/\/schema.org","@graph":[{"@type":"CollectionPage","@id":"https:\/\/www.bel-oeil.com\/en\/marque\/classicon\/","url":"https:\/\/www.bel-oeil.com\/en\/marque\/classicon\/","name":"Mobilier de Luxe et Design Eileen Gray ClassiCon | Bel \u0152il","isPartOf":{"@id":"https:\/\/www.bel-oeil.com\/en\/#website"},"description":"D\u00e9couvrez ClassiCon chez Bel \u0152il. Table E 1027 d'Eileen Gray, Bell Table de Sebastian Herkner et mobilier haut de gamme pour vos projets de luxe.","breadcrumb":{"@id":"https:\/\/www.bel-oeil.com\/en\/marque\/classicon\/#breadcrumb"},"inLanguage":"en-US"},{"@type":"BreadcrumbList","@id":"https:\/\/www.bel-oeil.com\/en\/marque\/classicon\/#breadcrumb","itemListElement":[{"@type":"ListItem","position":1,"name":"Accueil","item":"https:\/\/www.bel-oeil.com\/en\/"},{"@type":"ListItem","position":2,"name":"Classicon"}]},{"@type":"WebSite","@id":"https:\/\/www.bel-oeil.com\/en\/#website","url":"https:\/\/www.bel-oeil.com\/en\/","name":"Bel-\u0152il","description":"Born to Design","publisher":{"@id":"https:\/\/www.bel-oeil.com\/en\/#organization"},"potentialAction":[{"@type":"SearchAction","target":{"@type":"EntryPoint","urlTemplate":"https:\/\/www.bel-oeil.com\/en\/?s={search_term_string}"},"query-input":{"@type":"PropertyValueSpecification","valueRequired":true,"valueName":"search_term_string"}}],"inLanguage":"en-US"},{"@type":"Organization","@id":"https:\/\/www.bel-oeil.com\/en\/#organization","name":"Bel-\u0152il","url":"https:\/\/www.bel-oeil.com\/en\/","logo":{"@type":"ImageObject","inLanguage":"en-US","@id":"https:\/\/www.bel-oeil.com\/en\/#\/schema\/logo\/image\/","url":"https:\/\/www.bel-oeil.com\/wp-content\/uploads\/2021\/10\/logo-bel-oeil-blanc.svg","contentUrl":"https:\/\/www.bel-oeil.com\/wp-content\/uploads\/2021\/10\/logo-bel-oeil-blanc.svg","caption":"Bel-\u0152il"},"image":{"@id":"https:\/\/www.bel-oeil.com\/en\/#\/schema\/logo\/image\/"},"sameAs":["https:\/\/www.linkedin.com\/company\/beloeilinteriordesign\/"]}]}},"_links":{"self":[{"href":"https:\/\/www.bel-oeil.com\/en\/wp-json\/wp\/v2\/pwb-brand\/5123","targetHints":{"allow":["GET"]}}],"collection":[{"href":"https:\/\/www.bel-oeil.com\/en\/wp-json\/wp\/v2\/pwb-brand"}],"about":[{"href":"https:\/\/www.bel-oeil.com\/en\/wp-json\/wp\/v2\/taxonomies\/pwb-brand"}],"wp:post_type":[{"href":"https:\/\/www.bel-oeil.com\/en\/wp-json\/wp\/v2\/product?pwb-brand=5123"}],"curies":[{"name":"wp","href":"https:\/\/api.w.org\/{rel}","templated":true}]}}