{"id":102789,"date":"2025-04-16T16:47:06","date_gmt":"2025-04-16T14:47:06","guid":{"rendered":"https:\/\/www.bel-oeil.com\/julien-mignot-a-propos-de-cannes\/"},"modified":"2026-02-27T15:24:32","modified_gmt":"2026-02-27T14:24:32","slug":"julien-mignot-a-propos-de-cannes","status":"publish","type":"post","link":"https:\/\/www.bel-oeil.com\/en\/julien-mignot-a-propos-de-cannes\/","title":{"rendered":"Julien Mignot: \u00c0 propos de Cannes"},"content":{"rendered":"\t\t<div data-elementor-type=\"wp-post\" data-elementor-id=\"102789\" class=\"elementor elementor-102789 elementor-84256\" data-elementor-post-type=\"post\">\n\t\t\t\t\t\t<section data-particle_enable=\"false\" data-particle-mobile-disabled=\"false\" class=\"elementor-section elementor-top-section elementor-element elementor-element-bd94a32 elementor-section-boxed elementor-section-height-default elementor-section-height-default\" data-id=\"bd94a32\" data-element_type=\"section\" data-e-type=\"section\">\n\t\t\t\t\t\t<div class=\"elementor-container elementor-column-gap-default\">\n\t\t\t\t\t<div class=\"elementor-column elementor-col-50 elementor-top-column elementor-element elementor-element-6f90453\" data-id=\"6f90453\" data-element_type=\"column\" data-e-type=\"column\" data-settings=\"{&quot;background_background&quot;:&quot;classic&quot;}\">\n\t\t\t<div class=\"elementor-widget-wrap elementor-element-populated\">\n\t\t\t\t\t\t<div class=\"elementor-element elementor-element-226c2de elementor-align-left elementor-widget__width-auto elementor-widget elementor-widget-post-info\" data-id=\"226c2de\" data-element_type=\"widget\" data-e-type=\"widget\" data-widget_type=\"post-info.default\">\n\t\t\t\t<div class=\"elementor-widget-container\">\n\t\t\t\t\t\t\t<ul class=\"elementor-icon-list-items elementor-post-info\">\n\t\t\t\t\t\t\t\t<li class=\"elementor-icon-list-item elementor-repeater-item-cd587ba\" itemprop=\"about\">\n\t\t\t\t\t\t\t\t\t\t\t\t\t<span class=\"elementor-icon-list-text elementor-post-info__item elementor-post-info__item--type-terms\">\n\t\t\t\t\t\t\t\t\t\t<span class=\"elementor-post-info__terms-list\">\n\t\t\t\t<span class=\"elementor-post-info__terms-list-item\">Photographer<\/span>\t\t\t\t<\/span>\n\t\t\t\t\t<\/span>\n\t\t\t\t\t\t\t\t<\/li>\n\t\t\t\t<\/ul>\n\t\t\t\t\t\t<\/div>\n\t\t\t\t<\/div>\n\t\t\t\t<div class=\"elementor-element elementor-element-6ab9539 elementor-align-right elementor-widget__width-auto elementor-widget elementor-widget-post-info\" data-id=\"6ab9539\" data-element_type=\"widget\" data-e-type=\"widget\" data-widget_type=\"post-info.default\">\n\t\t\t\t<div class=\"elementor-widget-container\">\n\t\t\t\t\t\t\t<ul class=\"elementor-icon-list-items elementor-post-info\">\n\t\t\t\t\t\t\t\t<li class=\"elementor-icon-list-item elementor-repeater-item-cd587ba\" itemprop=\"datePublished\">\n\t\t\t\t\t\t\t\t\t\t\t\t\t<span class=\"elementor-icon-list-text elementor-post-info__item elementor-post-info__item--type-date\">\n\t\t\t\t\t\t\t<span class=\"elementor-post-info__item-prefix\">- <\/span>\n\t\t\t\t\t\t\t\t\t\t<time>April 2025<\/time>\t\t\t\t\t<\/span>\n\t\t\t\t\t\t\t\t<\/li>\n\t\t\t\t<\/ul>\n\t\t\t\t\t\t<\/div>\n\t\t\t\t<\/div>\n\t\t\t\t<div class=\"elementor-element elementor-element-cf2b702 elementor-widget__width-initial elementor-widget elementor-widget-heading\" data-id=\"cf2b702\" data-element_type=\"widget\" data-e-type=\"widget\" data-widget_type=\"heading.default\">\n\t\t\t\t<div class=\"elementor-widget-container\">\n\t\t\t\t\t<h2 class=\"elementor-heading-title elementor-size-default\">Julien Mignot<\/h2>\t\t\t\t<\/div>\n\t\t\t\t<\/div>\n\t\t\t\t<div class=\"elementor-element elementor-element-7e14449 elementor-widget elementor-widget-heading\" data-id=\"7e14449\" data-element_type=\"widget\" data-e-type=\"widget\" data-widget_type=\"heading.default\">\n\t\t\t\t<div class=\"elementor-widget-container\">\n\t\t\t\t\t<p class=\"elementor-heading-title elementor-size-default\">\u00c0 propos de Cannes<\/p>\t\t\t\t<\/div>\n\t\t\t\t<\/div>\n\t\t\t\t<div class=\"elementor-element elementor-element-152df54 elementor-widget elementor-widget-text-editor\" data-id=\"152df54\" data-element_type=\"widget\" data-e-type=\"widget\" data-widget_type=\"text-editor.default\">\n\t\t\t\t<div class=\"elementor-widget-container\">\n\t\t\t\t\t\t\t\t\t<p>Bel \u0152il continues its series of photography exhibitions in partnership with Le Magazine <strong>de l\u2019air<\/strong>.<br \/>This new exhibition will first take place at Bel \u0152il in Cannes, from May 10 to June 30, 2023.<\/p>\n<p>Julien Mignot, 42 years old, is one of the most talented French photographers of his generation. Known for his portraits of personalities from the worlds of cinema, music, theatre, and politics, he is a regular contributor to Lib\u00e9ration, Le Monde, T\u00e9l\u00e9rama, The New York Times, Grazia, and Elle.<\/p>\n<p>On the occasion of the Cannes Film Festival, Bel \u0152il, in collaboration with Le Magazine de l\u2019air, presents an exhibition featuring 22 selected photographs, many taken during previous editions of the festival. From star-studded portraits to spontaneous street shots along the Croisette or at late-night parties, these images capture the unique spirit of Cannes when the city fully surrenders to the magic of cinema.<\/p>\n<p>The exhibition runs from May 10 to June 30 in Cannes, before moving to our Nice showroom for the summer.<\/p>\n<p>A big thank you to St\u00e9phane Brasca and Le Magazine <strong>de l\u2019air<\/strong> for making this beautiful exhibition possible.<\/p>\n\t\t\t\t\t\t\t\t<\/div>\n\t\t\t\t<\/div>\n\t\t\t\t\t<\/div>\n\t\t<\/div>\n\t\t\t\t<div class=\"elementor-column elementor-col-50 elementor-top-column elementor-element elementor-element-e6dcf31\" data-id=\"e6dcf31\" data-element_type=\"column\" data-e-type=\"column\" data-settings=\"{&quot;background_background&quot;:&quot;classic&quot;}\">\n\t\t\t<div class=\"elementor-widget-wrap elementor-element-populated\">\n\t\t\t\t\t\t<div class=\"elementor-element elementor-element-8e5cb31 elementor-widget__width-initial elementor-widget elementor-widget-image-carousel\" data-id=\"8e5cb31\" data-element_type=\"widget\" data-e-type=\"widget\" data-settings=\"{&quot;slides_to_show&quot;:&quot;1&quot;,&quot;navigation&quot;:&quot;none&quot;,&quot;autoplay&quot;:&quot;yes&quot;,&quot;pause_on_hover&quot;:&quot;yes&quot;,&quot;pause_on_interaction&quot;:&quot;yes&quot;,&quot;autoplay_speed&quot;:5000,&quot;infinite&quot;:&quot;yes&quot;,&quot;effect&quot;:&quot;slide&quot;,&quot;speed&quot;:500}\" data-widget_type=\"image-carousel.default\">\n\t\t\t\t<div class=\"elementor-widget-container\">\n\t\t\t\t\t\t\t<div class=\"elementor-image-carousel-wrapper swiper\" role=\"region\" aria-roledescription=\"carousel\" aria-label=\"Image Carousel\" dir=\"ltr\">\n\t\t\t<div class=\"elementor-image-carousel swiper-wrapper\" aria-live=\"off\">\n\t\t\t\t\t\t\t\t<div class=\"swiper-slide\" role=\"group\" aria-roledescription=\"slide\" aria-label=\"1 of 4\"><figure class=\"swiper-slide-inner\"><img decoding=\"async\" class=\"swiper-slide-image\" src=\"https:\/\/www.bel-oeil.com\/wp-content\/uploads\/elementor\/thumbs\/tilda-reduc-1-r4n42opuxne7bwaftenlrhcmfuc7suakot2q1hn8jk.jpg\" alt=\"tilda-reduc-1\" \/><\/figure><\/div><div class=\"swiper-slide\" role=\"group\" aria-roledescription=\"slide\" aria-label=\"2 of 4\"><figure class=\"swiper-slide-inner\"><img decoding=\"async\" class=\"swiper-slide-image\" src=\"https:\/\/www.bel-oeil.com\/wp-content\/uploads\/elementor\/thumbs\/julien-Mignot-2-reduc-1-735x1024-1-r4n42opuxne7bwaftenlrhcmfuc7suakot2q1hn8jk.jpg\" alt=\"julien-Mignot-2-reduc-1-735x1024 (1)\" \/><\/figure><\/div><div class=\"swiper-slide\" role=\"group\" aria-roledescription=\"slide\" aria-label=\"3 of 4\"><figure class=\"swiper-slide-inner\"><img decoding=\"async\" class=\"swiper-slide-image\" src=\"https:\/\/www.bel-oeil.com\/wp-content\/uploads\/elementor\/thumbs\/Tahar-Rahim-1-r4n42ns0qtcx0absyw8z6zl5uggul56ucof8k7omps.jpg\" alt=\"Tahar-Rahim (1)\" \/><\/figure><\/div><div class=\"swiper-slide\" role=\"group\" aria-roledescription=\"slide\" aria-label=\"4 of 4\"><figure class=\"swiper-slide-inner\"><img decoding=\"async\" class=\"swiper-slide-image\" src=\"https:\/\/www.bel-oeil.com\/wp-content\/uploads\/elementor\/thumbs\/Cannes-2013-768x512-1-r4n42dfsnmyrgkqtn9s2xk73b7vt8h1sn98wa63ym8.jpg\" alt=\"Cannes-2013-768x512\" \/><\/figure><\/div>\t\t\t<\/div>\n\t\t\t\t\t\t\t\n\t\t\t\t\t\t\t\t\t<\/div>\n\t\t\t\t\t\t<\/div>\n\t\t\t\t<\/div>\n\t\t\t\t<div class=\"elementor-element elementor-element-6b10f5b elementor-widget elementor-widget-heading\" data-id=\"6b10f5b\" data-element_type=\"widget\" data-e-type=\"widget\" data-widget_type=\"heading.default\">\n\t\t\t\t<div class=\"elementor-widget-container\">\n\t\t\t\t\t<p class=\"elementor-heading-title elementor-size-default\">Share our articles<\/p>\t\t\t\t<\/div>\n\t\t\t\t<\/div>\n\t\t\t\t<div class=\"elementor-element elementor-element-d9a3dd2 elementor-widget__width-inherit elementor-widget elementor-widget-elementskit-social-media\" data-id=\"d9a3dd2\" data-element_type=\"widget\" data-e-type=\"widget\" data-widget_type=\"elementskit-social-media.default\">\n\t\t\t\t<div class=\"elementor-widget-container\">\n\t\t\t\t\t<div class=\"ekit-wid-con\" >\t\t\t <ul class=\"ekit_social_media\">\n\t\t\t\t\t\t\t\t\t\t\t\t\t\t<li class=\"elementor-repeater-item-4472b1c\">\n\t\t\t\t\t    <a\n\t\t\t\t\t\thref=\"https:\/\/www.instagram.com\/direct\/new\/?text=https:\/\/www.instagram.com\/direct\/new\/?text=https:\/\/www.test.wrkf2045.odns.fr\/ambiances\/salon-mauve\/\" target=\"_blank\" aria-label=\"Instagram\" class=\"instagram\" >\n\t\t\t\t\t\t\t\n\t\t\t\t\t\t\t<i aria-hidden=\"true\" class=\"fab fa-instagram\"><\/i>\n                                                                                                            <\/a>\n                    <\/li>\n                    \t\t\t\t\t\t\t\t\t\t\t\t\t\t<li class=\"elementor-repeater-item-f06f0a9\">\n\t\t\t\t\t    <a\n\t\t\t\t\t\thref=\"https:\/\/www.facebook.com\/sharer\/sharer.php?u=https:\/\/www.test.wrkf2045.odns.fr\/ambiances\/salon-mauve\/\" target=\"_blank\" aria-label=\"Facebook\" class=\"f\" >\n\t\t\t\t\t\t\t\n\t\t\t\t\t\t\t<i aria-hidden=\"true\" class=\"fab fa-facebook-f\"><\/i>\n                                                                                                            <\/a>\n                    <\/li>\n                    \t\t\t\t\t\t\t\t\t\t\t\t\t\t<li class=\"elementor-repeater-item-7140fb8\">\n\t\t\t\t\t    <a\n\t\t\t\t\t\thref=\"https:\/\/www.linkedin.com\/shareArticle?mini=true&#038;url=https:\/\/www.test.wrkf2045.odns.fr\/ambiances\/salon-mauve\/\" target=\"_blank\" aria-label=\"LinkedIn\" class=\"linkedin\" >\n\t\t\t\t\t\t\t\n\t\t\t\t\t\t\t<i aria-hidden=\"true\" class=\"icon icon-linkedin\"><\/i>\n                                                                                                            <\/a>\n                    <\/li>\n                    \t\t\t\t\t\t\t\t\t\t\t\t\t\t<li class=\"elementor-repeater-item-06f683d\">\n\t\t\t\t\t    <a\n\t\t\t\t\t\thref=\"https:\/\/fr.pinterest.com\/beloeilinteriordesign\/\" target=\"_blank\" aria-label=\"Pinterest\" class=\"p\" >\n\t\t\t\t\t\t\t\n\t\t\t\t\t\t\t<i aria-hidden=\"true\" class=\"fab fa-pinterest-p\"><\/i>\n                                                                                                            <\/a>\n                    <\/li>\n                    \t\t\t\t\t\t\t<\/ul>\n\t\t<\/div>\t\t\t\t<\/div>\n\t\t\t\t<\/div>\n\t\t\t\t\t<\/div>\n\t\t<\/div>\n\t\t\t\t\t<\/div>\n\t\t<\/section>\n\t\t\t\t<section data-particle_enable=\"false\" data-particle-mobile-disabled=\"false\" class=\"elementor-section elementor-top-section elementor-element elementor-element-7f8f9e7 elementor-section-boxed elementor-section-height-default elementor-section-height-default\" data-id=\"7f8f9e7\" data-element_type=\"section\" data-e-type=\"section\">\n\t\t\t\t\t\t<div class=\"elementor-container elementor-column-gap-default\">\n\t\t\t\t\t<div class=\"elementor-column elementor-col-100 elementor-top-column elementor-element elementor-element-642e830\" data-id=\"642e830\" data-element_type=\"column\" data-e-type=\"column\" data-settings=\"{&quot;background_background&quot;:&quot;classic&quot;}\">\n\t\t\t<div class=\"elementor-widget-wrap elementor-element-populated\">\n\t\t\t\t\t\t<div class=\"elementor-element elementor-element-a1a3a17 elementor-widget__width-inherit elementor-widget elementor-widget-heading\" data-id=\"a1a3a17\" data-element_type=\"widget\" data-e-type=\"widget\" data-widget_type=\"heading.default\">\n\t\t\t\t<div class=\"elementor-widget-container\">\n\t\t\t\t\t<h2 class=\"elementor-heading-title elementor-size-default\">All BLINK articles<\/h2>\t\t\t\t<\/div>\n\t\t\t\t<\/div>\n\t\t\t\t\t<\/div>\n\t\t<\/div>\n\t\t\t\t\t<\/div>\n\t\t<\/section>\n\t\t\t\t<section data-particle_enable=\"false\" data-particle-mobile-disabled=\"false\" class=\"elementor-section elementor-top-section elementor-element elementor-element-42bd1a3 elementor-section-boxed elementor-section-height-default elementor-section-height-default\" data-id=\"42bd1a3\" data-element_type=\"section\" data-e-type=\"section\">\n\t\t\t\t\t\t<div class=\"elementor-container elementor-column-gap-default\">\n\t\t\t\t\t<div class=\"elementor-column elementor-col-100 elementor-top-column elementor-element elementor-element-21af2d3\" data-id=\"21af2d3\" data-element_type=\"column\" data-e-type=\"column\" data-settings=\"{&quot;background_background&quot;:&quot;classic&quot;}\">\n\t\t\t<div class=\"elementor-widget-wrap elementor-element-populated\">\n\t\t\t\t\t\t<section data-particle_enable=\"false\" data-particle-mobile-disabled=\"false\" class=\"elementor-section elementor-inner-section elementor-element elementor-element-2be73e9 elementor-section-full_width elementor-section-height-default elementor-section-height-default\" data-id=\"2be73e9\" data-element_type=\"section\" data-e-type=\"section\">\n\t\t\t\t\t\t<div class=\"elementor-container elementor-column-gap-default\">\n\t\t\t\t\t<div class=\"elementor-column elementor-col-50 elementor-inner-column elementor-element elementor-element-9287813\" data-id=\"9287813\" data-element_type=\"column\" data-e-type=\"column\">\n\t\t\t<div class=\"elementor-widget-wrap elementor-element-populated\">\n\t\t\t\t\t\t<div class=\"elementor-element elementor-element-7467319 elementor-widget-mobile__width-auto elementor-widget__width-inherit elementor-widget elementor-widget-shortcode\" data-id=\"7467319\" data-element_type=\"widget\" data-e-type=\"widget\" data-widget_type=\"shortcode.default\">\n\t\t\t\t<div class=\"elementor-widget-container\">\n\t\t\t\t\t\t\t<div class=\"elementor-shortcode\"><\/div>\n\t\t\t\t\t\t<\/div>\n\t\t\t\t<\/div>\n\t\t\t\t\t<\/div>\n\t\t<\/div>\n\t\t\t\t<div class=\"elementor-column elementor-col-50 elementor-inner-column elementor-element elementor-element-4ed0115 elementor-hidden-tablet elementor-hidden-mobile\" data-id=\"4ed0115\" data-element_type=\"column\" data-e-type=\"column\">\n\t\t\t<div class=\"elementor-widget-wrap\">\n\t\t\t\t\t\t\t<\/div>\n\t\t<\/div>\n\t\t\t\t\t<\/div>\n\t\t<\/section>\n\t\t\t\t<div class=\"elementor-element elementor-element-8e43ec9 elementor-widget-mobile__width-initial elementor-grid-mobile-eael-col-2 elementor-grid-eael-col-4 elementor-grid-tablet-eael-col-2 elementor-widget elementor-widget-eael-post-grid\" data-id=\"8e43ec9\" data-element_type=\"widget\" data-e-type=\"widget\" data-settings=\"{&quot;eael_post_grid_columns_mobile&quot;:&quot;eael-col-2&quot;,&quot;eael_post_grid_columns&quot;:&quot;eael-col-4&quot;,&quot;eael_post_grid_columns_tablet&quot;:&quot;eael-col-2&quot;}\" data-widget_type=\"eael-post-grid.default\">\n\t\t\t\t<div class=\"elementor-widget-container\">\n\t\t\t\t\t<div id=\"eael-post-grid-8e43ec9\" class=\"eael-post-grid-container\">\n            <div class=\"eael-post-grid eael-post-appender eael-post-appender-8e43ec9 eael-post-grid-style-three\" data-layout-mode=\"grid\"><article class=\"eael-grid-post  eael-post-grid-column eael-pg-post-118718 category-design-en\" data-id=\"118718\">\n        <div class=\"eael-grid-post-holder\">\n            <div class=\"eael-grid-post-holder-inner\"><div class=\"eael-entry-media\"><div class=\"eael-entry-overlay fade-in\"><i class=\"fas fa-link\" aria-hidden=\"true\"><\/i><a href=\"https:\/\/www.bel-oeil.com\/en\/groundpiece-comfort-sofa\/\"><\/a><\/div><div class=\"eael-entry-thumbnail eael-image-ratio\">\n                 <img fetchpriority=\"high\" decoding=\"async\" width=\"1280\" height=\"852\" src=\"https:\/\/www.bel-oeil.com\/wp-content\/uploads\/2026\/02\/Bel-Oeil-Blink-article-Groundpiece-sofa-Flexform-2-1.jpg\" class=\"attachment-full size-full wp-image-118242\" alt=\"\" srcset=\"https:\/\/www.bel-oeil.com\/wp-content\/uploads\/2026\/02\/Bel-Oeil-Blink-article-Groundpiece-sofa-Flexform-2-1.jpg 1280w, https:\/\/www.bel-oeil.com\/wp-content\/uploads\/2026\/02\/Bel-Oeil-Blink-article-Groundpiece-sofa-Flexform-2-1-300x200.jpg 300w, https:\/\/www.bel-oeil.com\/wp-content\/uploads\/2026\/02\/Bel-Oeil-Blink-article-Groundpiece-sofa-Flexform-2-1-1024x682.jpg 1024w, https:\/\/www.bel-oeil.com\/wp-content\/uploads\/2026\/02\/Bel-Oeil-Blink-article-Groundpiece-sofa-Flexform-2-1-768x511.jpg 768w, https:\/\/www.bel-oeil.com\/wp-content\/uploads\/2026\/02\/Bel-Oeil-Blink-article-Groundpiece-sofa-Flexform-2-1-600x399.jpg 600w\" sizes=\"(max-width: 1280px) 100vw, 1280px\" \/>\n             <\/div>\n        <\/div><div class=\"eael-entry-wrapper\"><header class=\"eael-entry-header\"><h4 class=\"eael-entry-title\"><a class=\"eael-grid-post-link\" href=\"https:\/\/www.bel-oeil.com\/en\/groundpiece-comfort-sofa\/\" title=\"Groundpiece: Comfort Sofa\">Groundpiece: Comfort Sofa<\/a><\/h4><\/header><div class=\"eael-entry-content\">\n                        <div class=\"eael-grid-post-excerpt\"><p>Here is the Groundpiece sofa by Antonio Citterio for Flexform, offering the ultimate in comfort...<\/p><a href=\"https:\/\/www.bel-oeil.com\/en\/groundpiece-comfort-sofa\/\" class=\"eael-post-elements-readmore-btn\">Learn more<\/a><\/div>\n                    <\/div><\/div><\/div>\n        <\/div>\n    <\/article><article class=\"eael-grid-post  eael-post-grid-column eael-pg-post-116329 category-exhibition\" data-id=\"116329\">\n        <div class=\"eael-grid-post-holder\">\n            <div class=\"eael-grid-post-holder-inner\"><div class=\"eael-entry-media\"><div class=\"eael-entry-overlay fade-in\"><i class=\"fas fa-link\" aria-hidden=\"true\"><\/i><a href=\"https:\/\/www.bel-oeil.com\/en\/infini-suspendu\/\"><\/a><\/div><div class=\"eael-entry-thumbnail eael-image-ratio\">\n                 <img decoding=\"async\" width=\"1280\" height=\"852\" src=\"https:\/\/www.bel-oeil.com\/wp-content\/uploads\/2025\/09\/Bel-Oeil-Saint-Tropez-Expo-Perrine-de-la-Bretesche-6.jpg\" class=\"attachment-full size-full wp-image-114820\" alt=\"\" srcset=\"https:\/\/www.bel-oeil.com\/wp-content\/uploads\/2025\/09\/Bel-Oeil-Saint-Tropez-Expo-Perrine-de-la-Bretesche-6.jpg 1280w, https:\/\/www.bel-oeil.com\/wp-content\/uploads\/2025\/09\/Bel-Oeil-Saint-Tropez-Expo-Perrine-de-la-Bretesche-6-300x200.jpg 300w, https:\/\/www.bel-oeil.com\/wp-content\/uploads\/2025\/09\/Bel-Oeil-Saint-Tropez-Expo-Perrine-de-la-Bretesche-6-1024x682.jpg 1024w, https:\/\/www.bel-oeil.com\/wp-content\/uploads\/2025\/09\/Bel-Oeil-Saint-Tropez-Expo-Perrine-de-la-Bretesche-6-768x511.jpg 768w, https:\/\/www.bel-oeil.com\/wp-content\/uploads\/2025\/09\/Bel-Oeil-Saint-Tropez-Expo-Perrine-de-la-Bretesche-6-600x399.jpg 600w\" sizes=\"(max-width: 1280px) 100vw, 1280px\" \/>\n             <\/div>\n        <\/div><div class=\"eael-entry-wrapper\"><header class=\"eael-entry-header\"><h4 class=\"eael-entry-title\"><a class=\"eael-grid-post-link\" href=\"https:\/\/www.bel-oeil.com\/en\/infini-suspendu\/\" title=\"INFINI SUSPENDU\">INFINI SUSPENDU<\/a><\/h4><\/header><div class=\"eael-entry-content\">\n                        <div class=\"eael-grid-post-excerpt\"><p>Perrine de la Bretesche Former artistic director, Perrine de la Bretesche has dedicated herself to...<\/p><a href=\"https:\/\/www.bel-oeil.com\/en\/infini-suspendu\/\" class=\"eael-post-elements-readmore-btn\">Learn more<\/a><\/div>\n                    <\/div><\/div><\/div>\n        <\/div>\n    <\/article><article class=\"eael-grid-post  eael-post-grid-column eael-pg-post-116325 category-design-en\" data-id=\"116325\">\n        <div class=\"eael-grid-post-holder\">\n            <div class=\"eael-grid-post-holder-inner\"><div class=\"eael-entry-media\"><div class=\"eael-entry-overlay fade-in\"><i class=\"fas fa-link\" aria-hidden=\"true\"><\/i><a href=\"https:\/\/www.bel-oeil.com\/en\/tulip-table-design-icon\/\"><\/a><\/div><div class=\"eael-entry-thumbnail eael-image-ratio\">\n                 <img decoding=\"async\" width=\"1280\" height=\"852\" src=\"https:\/\/www.bel-oeil.com\/wp-content\/uploads\/2025\/10\/Table-et-chaises-Tulip-Knoll-1.jpg\" class=\"attachment-full size-full wp-image-115522\" alt=\"Tulip Knoll d\u2019Eero Saarinen, pi\u00e8ce iconique du design moderne, disponible dans les showrooms Bel \u0152il\" srcset=\"https:\/\/www.bel-oeil.com\/wp-content\/uploads\/2025\/10\/Table-et-chaises-Tulip-Knoll-1.jpg 1280w, https:\/\/www.bel-oeil.com\/wp-content\/uploads\/2025\/10\/Table-et-chaises-Tulip-Knoll-1-300x200.jpg 300w, https:\/\/www.bel-oeil.com\/wp-content\/uploads\/2025\/10\/Table-et-chaises-Tulip-Knoll-1-1024x682.jpg 1024w, https:\/\/www.bel-oeil.com\/wp-content\/uploads\/2025\/10\/Table-et-chaises-Tulip-Knoll-1-768x511.jpg 768w, https:\/\/www.bel-oeil.com\/wp-content\/uploads\/2025\/10\/Table-et-chaises-Tulip-Knoll-1-600x399.jpg 600w\" sizes=\"(max-width: 1280px) 100vw, 1280px\" \/>\n             <\/div>\n        <\/div><div class=\"eael-entry-wrapper\"><header class=\"eael-entry-header\"><h4 class=\"eael-entry-title\"><a class=\"eael-grid-post-link\" href=\"https:\/\/www.bel-oeil.com\/en\/tulip-table-design-icon\/\" title=\"Tulip Table: design icon\">Tulip Table: design icon<\/a><\/h4><\/header><div class=\"eael-entry-content\">\n                        <div class=\"eael-grid-post-excerpt\"><p>Tulip Table by Knoll: the modern design icon at Bel \u0152il An absolute icon of...<\/p><a href=\"https:\/\/www.bel-oeil.com\/en\/tulip-table-design-icon\/\" class=\"eael-post-elements-readmore-btn\">Learn more<\/a><\/div>\n                    <\/div><\/div><\/div>\n        <\/div>\n    <\/article><article class=\"eael-grid-post  eael-post-grid-column eael-pg-post-116317 category-news\" data-id=\"116317\">\n        <div class=\"eael-grid-post-holder\">\n            <div class=\"eael-grid-post-holder-inner\"><div class=\"eael-entry-media\"><div class=\"eael-entry-overlay fade-in\"><i class=\"fas fa-link\" aria-hidden=\"true\"><\/i><a href=\"https:\/\/www.bel-oeil.com\/en\/marseille\/\"><\/a><\/div><div class=\"eael-entry-thumbnail eael-image-ratio\">\n                 <img loading=\"lazy\" decoding=\"async\" width=\"1280\" height=\"852\" src=\"https:\/\/www.bel-oeil.com\/wp-content\/uploads\/2025\/11\/Bel-Oeil-Marseille-1.jpg\" class=\"attachment-full size-full wp-image-116003\" alt=\"\" srcset=\"https:\/\/www.bel-oeil.com\/wp-content\/uploads\/2025\/11\/Bel-Oeil-Marseille-1.jpg 1280w, https:\/\/www.bel-oeil.com\/wp-content\/uploads\/2025\/11\/Bel-Oeil-Marseille-1-300x200.jpg 300w, https:\/\/www.bel-oeil.com\/wp-content\/uploads\/2025\/11\/Bel-Oeil-Marseille-1-1024x682.jpg 1024w, https:\/\/www.bel-oeil.com\/wp-content\/uploads\/2025\/11\/Bel-Oeil-Marseille-1-768x511.jpg 768w, https:\/\/www.bel-oeil.com\/wp-content\/uploads\/2025\/11\/Bel-Oeil-Marseille-1-600x399.jpg 600w\" sizes=\"(max-width: 1280px) 100vw, 1280px\" \/>\n             <\/div>\n        <\/div><div class=\"eael-entry-wrapper\"><header class=\"eael-entry-header\"><h4 class=\"eael-entry-title\"><a class=\"eael-grid-post-link\" href=\"https:\/\/www.bel-oeil.com\/en\/marseille\/\" title=\"Marseille!!!\">Marseille!!!<\/a><\/h4><\/header><div class=\"eael-entry-content\">\n                        <div class=\"eael-grid-post-excerpt\"><p>Bel \u0152il takes over SINIBALDI on Rue Paradis and brings its design furniture showroom to...<\/p><a href=\"https:\/\/www.bel-oeil.com\/en\/marseille\/\" class=\"eael-post-elements-readmore-btn\">Learn more<\/a><\/div>\n                    <\/div><\/div><\/div>\n        <\/div>\n    <\/article><article class=\"eael-grid-post  eael-post-grid-column eael-pg-post-108917 category-outdoor-living\" data-id=\"108917\">\n        <div class=\"eael-grid-post-holder\">\n            <div class=\"eael-grid-post-holder-inner\"><div class=\"eael-entry-media\"><div class=\"eael-entry-overlay fade-in\"><i class=\"fas fa-link\" aria-hidden=\"true\"><\/i><a href=\"https:\/\/www.bel-oeil.com\/en\/tuuci-shading-solutions\/\"><\/a><\/div><div class=\"eael-entry-thumbnail eael-image-ratio\">\n                 <img loading=\"lazy\" decoding=\"async\" width=\"1280\" height=\"852\" src=\"https:\/\/www.bel-oeil.com\/wp-content\/uploads\/2025\/06\/Bel-Oeil-Tuuci-Kettal-Papeete-1.jpg\" class=\"attachment-full size-full wp-image-107598\" alt=\"\" srcset=\"https:\/\/www.bel-oeil.com\/wp-content\/uploads\/2025\/06\/Bel-Oeil-Tuuci-Kettal-Papeete-1.jpg 1280w, https:\/\/www.bel-oeil.com\/wp-content\/uploads\/2025\/06\/Bel-Oeil-Tuuci-Kettal-Papeete-1-300x200.jpg 300w, https:\/\/www.bel-oeil.com\/wp-content\/uploads\/2025\/06\/Bel-Oeil-Tuuci-Kettal-Papeete-1-1024x682.jpg 1024w, https:\/\/www.bel-oeil.com\/wp-content\/uploads\/2025\/06\/Bel-Oeil-Tuuci-Kettal-Papeete-1-768x511.jpg 768w, https:\/\/www.bel-oeil.com\/wp-content\/uploads\/2025\/06\/Bel-Oeil-Tuuci-Kettal-Papeete-1-600x399.jpg 600w\" sizes=\"(max-width: 1280px) 100vw, 1280px\" \/>\n             <\/div>\n        <\/div><div class=\"eael-entry-wrapper\"><header class=\"eael-entry-header\"><h4 class=\"eael-entry-title\"><a class=\"eael-grid-post-link\" href=\"https:\/\/www.bel-oeil.com\/en\/tuuci-shading-solutions\/\" title=\"Tuuci: Shading Solutions\">Tuuci: Shading Solutions<\/a><\/h4><\/header><div class=\"eael-entry-content\">\n                        <div class=\"eael-grid-post-excerpt\"><p>Bel \u0152il introduces Tuuci parasols, combining refined design with precision engineering. Crafted with marine-grade aluminum...<\/p><a href=\"https:\/\/www.bel-oeil.com\/en\/tuuci-shading-solutions\/\" class=\"eael-post-elements-readmore-btn\">Learn more<\/a><\/div>\n                    <\/div><\/div><\/div>\n        <\/div>\n    <\/article><article class=\"eael-grid-post  eael-post-grid-column eael-pg-post-108914 category-exhibition\" data-id=\"108914\">\n        <div class=\"eael-grid-post-holder\">\n            <div class=\"eael-grid-post-holder-inner\"><div class=\"eael-entry-media\"><div class=\"eael-entry-overlay fade-in\"><i class=\"fas fa-link\" aria-hidden=\"true\"><\/i><a href=\"https:\/\/www.bel-oeil.com\/en\/facing-the-sea\/\"><\/a><\/div><div class=\"eael-entry-thumbnail eael-image-ratio\">\n                 <img loading=\"lazy\" decoding=\"async\" width=\"1280\" height=\"850\" src=\"https:\/\/www.bel-oeil.com\/wp-content\/uploads\/2025\/06\/Bel-OEil-FAce-a-la-Mer-Eric-Bourret-Zero-LInfini-1.png\" class=\"attachment-full size-full wp-image-106509\" alt=\"\" srcset=\"https:\/\/www.bel-oeil.com\/wp-content\/uploads\/2025\/06\/Bel-OEil-FAce-a-la-Mer-Eric-Bourret-Zero-LInfini-1.png 1280w, https:\/\/www.bel-oeil.com\/wp-content\/uploads\/2025\/06\/Bel-OEil-FAce-a-la-Mer-Eric-Bourret-Zero-LInfini-1-300x199.png 300w, https:\/\/www.bel-oeil.com\/wp-content\/uploads\/2025\/06\/Bel-OEil-FAce-a-la-Mer-Eric-Bourret-Zero-LInfini-1-1024x680.png 1024w, https:\/\/www.bel-oeil.com\/wp-content\/uploads\/2025\/06\/Bel-OEil-FAce-a-la-Mer-Eric-Bourret-Zero-LInfini-1-768x510.png 768w, https:\/\/www.bel-oeil.com\/wp-content\/uploads\/2025\/06\/Bel-OEil-FAce-a-la-Mer-Eric-Bourret-Zero-LInfini-1-600x398.png 600w\" sizes=\"(max-width: 1280px) 100vw, 1280px\" \/>\n             <\/div>\n        <\/div><div class=\"eael-entry-wrapper\"><header class=\"eael-entry-header\"><h4 class=\"eael-entry-title\"><a class=\"eael-grid-post-link\" href=\"https:\/\/www.bel-oeil.com\/en\/facing-the-sea\/\" title=\"Facing the Sea\">Facing the Sea<\/a><\/h4><\/header><div class=\"eael-entry-content\">\n                        <div class=\"eael-grid-post-excerpt\"><p>The exhibition Face \u00e0 la Mer in Nice 2025 brings together four artists who share...<\/p><a href=\"https:\/\/www.bel-oeil.com\/en\/facing-the-sea\/\" class=\"eael-post-elements-readmore-btn\">Learn more<\/a><\/div>\n                    <\/div><\/div><\/div>\n        <\/div>\n    <\/article><article class=\"eael-grid-post  eael-post-grid-column eael-pg-post-106284 category-hotels-en\" data-id=\"106284\">\n        <div class=\"eael-grid-post-holder\">\n            <div class=\"eael-grid-post-holder-inner\"><div class=\"eael-entry-media\"><div class=\"eael-entry-overlay fade-in\"><i class=\"fas fa-link\" aria-hidden=\"true\"><\/i><a href=\"https:\/\/www.bel-oeil.com\/en\/hotel-du-couvent-in-nice\/\"><\/a><\/div><div class=\"eael-entry-thumbnail eael-image-ratio\">\n                 <img loading=\"lazy\" decoding=\"async\" width=\"1497\" height=\"1600\" src=\"https:\/\/www.bel-oeil.com\/wp-content\/uploads\/2025\/05\/carimate-couvent-1.jpg\" class=\"attachment-full size-full wp-image-106123\" alt=\"\" srcset=\"https:\/\/www.bel-oeil.com\/wp-content\/uploads\/2025\/05\/carimate-couvent-1.jpg 1497w, https:\/\/www.bel-oeil.com\/wp-content\/uploads\/2025\/05\/carimate-couvent-1-281x300.jpg 281w, https:\/\/www.bel-oeil.com\/wp-content\/uploads\/2025\/05\/carimate-couvent-1-958x1024.jpg 958w, https:\/\/www.bel-oeil.com\/wp-content\/uploads\/2025\/05\/carimate-couvent-1-768x821.jpg 768w, https:\/\/www.bel-oeil.com\/wp-content\/uploads\/2025\/05\/carimate-couvent-1-1437x1536.jpg 1437w, https:\/\/www.bel-oeil.com\/wp-content\/uploads\/2025\/05\/carimate-couvent-1-600x641.jpg 600w\" sizes=\"(max-width: 1497px) 100vw, 1497px\" \/>\n             <\/div>\n        <\/div><div class=\"eael-entry-wrapper\"><header class=\"eael-entry-header\"><h4 class=\"eael-entry-title\"><a class=\"eael-grid-post-link\" href=\"https:\/\/www.bel-oeil.com\/en\/hotel-du-couvent-in-nice\/\" title=\"H\u00f4tel du Couvent in Nice\">H\u00f4tel du Couvent in Nice<\/a><\/h4><\/header><div class=\"eael-entry-content\">\n                        <div class=\"eael-grid-post-excerpt\"><p>Bel \u0152il supports the H\u00f4tel le Couvent project in Nice by creating unique furniture and...<\/p><a href=\"https:\/\/www.bel-oeil.com\/en\/hotel-du-couvent-in-nice\/\" class=\"eael-post-elements-readmore-btn\">Learn more<\/a><\/div>\n                    <\/div><\/div><\/div>\n        <\/div>\n    <\/article><article class=\"eael-grid-post  eael-post-grid-column eael-pg-post-102794 category-news\" data-id=\"102794\">\n        <div class=\"eael-grid-post-holder\">\n            <div class=\"eael-grid-post-holder-inner\"><div class=\"eael-entry-media\"><div class=\"eael-entry-overlay fade-in\"><i class=\"fas fa-link\" aria-hidden=\"true\"><\/i><a href=\"https:\/\/www.bel-oeil.com\/en\/breaking-news-bel-oeil-in-saint-tropez\/\"><\/a><\/div><div class=\"eael-entry-thumbnail eael-image-ratio\">\n                 <img loading=\"lazy\" decoding=\"async\" width=\"1408\" height=\"1600\" src=\"https:\/\/www.bel-oeil.com\/wp-content\/uploads\/2025\/03\/IMG-20250416-WA0020.jpg\" class=\"attachment-full size-full wp-image-103197\" alt=\"\" srcset=\"https:\/\/www.bel-oeil.com\/wp-content\/uploads\/2025\/03\/IMG-20250416-WA0020.jpg 1408w, https:\/\/www.bel-oeil.com\/wp-content\/uploads\/2025\/03\/IMG-20250416-WA0020-264x300.jpg 264w, https:\/\/www.bel-oeil.com\/wp-content\/uploads\/2025\/03\/IMG-20250416-WA0020-901x1024.jpg 901w, https:\/\/www.bel-oeil.com\/wp-content\/uploads\/2025\/03\/IMG-20250416-WA0020-768x873.jpg 768w, https:\/\/www.bel-oeil.com\/wp-content\/uploads\/2025\/03\/IMG-20250416-WA0020-1352x1536.jpg 1352w, https:\/\/www.bel-oeil.com\/wp-content\/uploads\/2025\/03\/IMG-20250416-WA0020-600x682.jpg 600w\" sizes=\"(max-width: 1408px) 100vw, 1408px\" \/>\n             <\/div>\n        <\/div><div class=\"eael-entry-wrapper\"><header class=\"eael-entry-header\"><h4 class=\"eael-entry-title\"><a class=\"eael-grid-post-link\" href=\"https:\/\/www.bel-oeil.com\/en\/breaking-news-bel-oeil-in-saint-tropez\/\" title=\"Breaking News: Bel \u0152il in Saint Tropez\">Breaking News: Bel \u0152il in Saint Tropez<\/a><\/h4><\/header><div class=\"eael-entry-content\">\n                        <div class=\"eael-grid-post-excerpt\"><p>Bel \u0152il sets up in Saint-Tropez with a new address and a showroom dedicated to...<\/p><a href=\"https:\/\/www.bel-oeil.com\/en\/breaking-news-bel-oeil-in-saint-tropez\/\" class=\"eael-post-elements-readmore-btn\">Learn more<\/a><\/div>\n                    <\/div><\/div><\/div>\n        <\/div>\n    <\/article><article class=\"eael-grid-post  eael-post-grid-column eael-pg-post-102789 category-photographer\" data-id=\"102789\">\n        <div class=\"eael-grid-post-holder\">\n            <div class=\"eael-grid-post-holder-inner\"><div class=\"eael-entry-media\"><div class=\"eael-entry-overlay fade-in\"><i class=\"fas fa-link\" aria-hidden=\"true\"><\/i><a href=\"https:\/\/www.bel-oeil.com\/en\/julien-mignot-a-propos-de-cannes\/\"><\/a><\/div><div class=\"eael-entry-thumbnail eael-image-ratio\">\n                 <img loading=\"lazy\" decoding=\"async\" width=\"1581\" height=\"2119\" src=\"https:\/\/www.bel-oeil.com\/wp-content\/uploads\/2024\/09\/tilda-reduc-1.jpg\" class=\"attachment-full size-full wp-image-102790\" alt=\"\" srcset=\"https:\/\/www.bel-oeil.com\/wp-content\/uploads\/2024\/09\/tilda-reduc-1.jpg 1581w, https:\/\/www.bel-oeil.com\/wp-content\/uploads\/2024\/09\/tilda-reduc-1-224x300.jpg 224w, https:\/\/www.bel-oeil.com\/wp-content\/uploads\/2024\/09\/tilda-reduc-1-764x1024.jpg 764w, https:\/\/www.bel-oeil.com\/wp-content\/uploads\/2024\/09\/tilda-reduc-1-768x1029.jpg 768w, https:\/\/www.bel-oeil.com\/wp-content\/uploads\/2024\/09\/tilda-reduc-1-1146x1536.jpg 1146w, https:\/\/www.bel-oeil.com\/wp-content\/uploads\/2024\/09\/tilda-reduc-1-1528x2048.jpg 1528w, https:\/\/www.bel-oeil.com\/wp-content\/uploads\/2024\/09\/tilda-reduc-1-600x804.jpg 600w\" sizes=\"(max-width: 1581px) 100vw, 1581px\" \/>\n             <\/div>\n        <\/div><div class=\"eael-entry-wrapper\"><header class=\"eael-entry-header\"><h4 class=\"eael-entry-title\"><a class=\"eael-grid-post-link\" href=\"https:\/\/www.bel-oeil.com\/en\/julien-mignot-a-propos-de-cannes\/\" title=\"Julien Mignot: \u00c0 propos de Cannes\">Julien Mignot: \u00c0 propos de Cannes<\/a><\/h4><\/header><div class=\"eael-entry-content\">\n                        <div class=\"eael-grid-post-excerpt\"><p>Julien Mignot presents \u00c0 propos de Cannes at Bel \u0152il: a photography exhibition mixing portraits...<\/p><a href=\"https:\/\/www.bel-oeil.com\/en\/julien-mignot-a-propos-de-cannes\/\" class=\"eael-post-elements-readmore-btn\">Learn more<\/a><\/div>\n                    <\/div><\/div><\/div>\n        <\/div>\n    <\/article><article class=\"eael-grid-post  eael-post-grid-column eael-pg-post-102784 category-photographer\" data-id=\"102784\">\n        <div class=\"eael-grid-post-holder\">\n            <div class=\"eael-grid-post-holder-inner\"><div class=\"eael-entry-media\"><div class=\"eael-entry-overlay fade-in\"><i class=\"fas fa-link\" aria-hidden=\"true\"><\/i><a href=\"https:\/\/www.bel-oeil.com\/en\/floriane-de-lassee-inside-views\/\"><\/a><\/div><div class=\"eael-entry-thumbnail eael-image-ratio\">\n                 <img loading=\"lazy\" decoding=\"async\" width=\"768\" height=\"491\" src=\"https:\/\/www.bel-oeil.com\/wp-content\/uploads\/2024\/09\/Floriane-de-Lassee-Inside-Views.jpg\" class=\"attachment-full size-full wp-image-102785\" alt=\"\" srcset=\"https:\/\/www.bel-oeil.com\/wp-content\/uploads\/2024\/09\/Floriane-de-Lassee-Inside-Views.jpg 768w, https:\/\/www.bel-oeil.com\/wp-content\/uploads\/2024\/09\/Floriane-de-Lassee-Inside-Views-300x192.jpg 300w, https:\/\/www.bel-oeil.com\/wp-content\/uploads\/2024\/09\/Floriane-de-Lassee-Inside-Views-600x384.jpg 600w\" sizes=\"(max-width: 768px) 100vw, 768px\" \/>\n             <\/div>\n        <\/div><div class=\"eael-entry-wrapper\"><header class=\"eael-entry-header\"><h4 class=\"eael-entry-title\"><a class=\"eael-grid-post-link\" href=\"https:\/\/www.bel-oeil.com\/en\/floriane-de-lassee-inside-views\/\" title=\"Floriane de Lass\u00e9e &#8211; Inside Views\">Floriane de Lass\u00e9e &#8211; Inside Views<\/a><\/h4><\/header><div class=\"eael-entry-content\">\n                        <div class=\"eael-grid-post-excerpt\"><p>Floriane de Lass\u00e9e presents Inside Views at Bel \u0152il: eleven large prints exploring women\u2019s daily...<\/p><a href=\"https:\/\/www.bel-oeil.com\/en\/floriane-de-lassee-inside-views\/\" class=\"eael-post-elements-readmore-btn\">Learn more<\/a><\/div>\n                    <\/div><\/div><\/div>\n        <\/div>\n    <\/article><article class=\"eael-grid-post  eael-post-grid-column eael-pg-post-102774 category-for-professionals\" data-id=\"102774\">\n        <div class=\"eael-grid-post-holder\">\n            <div class=\"eael-grid-post-holder-inner\"><div class=\"eael-entry-media\"><div class=\"eael-entry-overlay fade-in\"><i class=\"fas fa-link\" aria-hidden=\"true\"><\/i><a href=\"https:\/\/www.bel-oeil.com\/en\/the-new-bel-oeil-pro-website\/\"><\/a><\/div><div class=\"eael-entry-thumbnail eael-image-ratio\">\n                 <img loading=\"lazy\" decoding=\"async\" width=\"1920\" height=\"1080\" src=\"https:\/\/www.bel-oeil.com\/wp-content\/uploads\/2022\/04\/Sans-titre.jpg\" class=\"attachment-full size-full wp-image-102780\" alt=\"\" srcset=\"https:\/\/www.bel-oeil.com\/wp-content\/uploads\/2022\/04\/Sans-titre.jpg 1920w, https:\/\/www.bel-oeil.com\/wp-content\/uploads\/2022\/04\/Sans-titre-600x338.jpg 600w, https:\/\/www.bel-oeil.com\/wp-content\/uploads\/2022\/04\/Sans-titre-300x169.jpg 300w, https:\/\/www.bel-oeil.com\/wp-content\/uploads\/2022\/04\/Sans-titre-1024x576.jpg 1024w, https:\/\/www.bel-oeil.com\/wp-content\/uploads\/2022\/04\/Sans-titre-768x432.jpg 768w, https:\/\/www.bel-oeil.com\/wp-content\/uploads\/2022\/04\/Sans-titre-1536x864.jpg 1536w\" sizes=\"(max-width: 1920px) 100vw, 1920px\" \/>\n             <\/div>\n        <\/div><div class=\"eael-entry-wrapper\"><header class=\"eael-entry-header\"><h4 class=\"eael-entry-title\"><a class=\"eael-grid-post-link\" href=\"https:\/\/www.bel-oeil.com\/en\/the-new-bel-oeil-pro-website\/\" title=\"The New Bel \u0152il Pro Website!\">The New Bel \u0152il Pro Website!<\/a><\/h4><\/header><div class=\"eael-entry-content\">\n                        <div class=\"eael-grid-post-excerpt\"><p>Bel \u0152il launches Bel \u0152il Pro, a website for professionals with a complete catalog and...<\/p><a href=\"https:\/\/www.bel-oeil.com\/en\/the-new-bel-oeil-pro-website\/\" class=\"eael-post-elements-readmore-btn\">Learn more<\/a><\/div>\n                    <\/div><\/div><\/div>\n        <\/div>\n    <\/article><article class=\"eael-grid-post  eael-post-grid-column eael-pg-post-102744 category-design-en\" data-id=\"102744\">\n        <div class=\"eael-grid-post-holder\">\n            <div class=\"eael-grid-post-holder-inner\"><div class=\"eael-entry-media\"><div class=\"eael-entry-overlay fade-in\"><i class=\"fas fa-link\" aria-hidden=\"true\"><\/i><a href=\"https:\/\/www.bel-oeil.com\/en\/a-bel-oeil-edition\/\"><\/a><\/div><div class=\"eael-entry-thumbnail eael-image-ratio\">\n                 <img loading=\"lazy\" decoding=\"async\" width=\"2165\" height=\"2560\" src=\"https:\/\/www.bel-oeil.com\/wp-content\/uploads\/2022\/02\/Table-Beton-Bel-Oeil.jpg\" class=\"attachment-full size-full wp-image-102762\" alt=\"\" srcset=\"https:\/\/www.bel-oeil.com\/wp-content\/uploads\/2022\/02\/Table-Beton-Bel-Oeil.jpg 2165w, https:\/\/www.bel-oeil.com\/wp-content\/uploads\/2022\/02\/Table-Beton-Bel-Oeil-254x300.jpg 254w, https:\/\/www.bel-oeil.com\/wp-content\/uploads\/2022\/02\/Table-Beton-Bel-Oeil-866x1024.jpg 866w, https:\/\/www.bel-oeil.com\/wp-content\/uploads\/2022\/02\/Table-Beton-Bel-Oeil-768x908.jpg 768w, https:\/\/www.bel-oeil.com\/wp-content\/uploads\/2022\/02\/Table-Beton-Bel-Oeil-1299x1536.jpg 1299w, https:\/\/www.bel-oeil.com\/wp-content\/uploads\/2022\/02\/Table-Beton-Bel-Oeil-1732x2048.jpg 1732w, https:\/\/www.bel-oeil.com\/wp-content\/uploads\/2022\/02\/Table-Beton-Bel-Oeil-600x709.jpg 600w\" sizes=\"(max-width: 2165px) 100vw, 2165px\" \/>\n             <\/div>\n        <\/div><div class=\"eael-entry-wrapper\"><header class=\"eael-entry-header\"><h4 class=\"eael-entry-title\"><a class=\"eael-grid-post-link\" href=\"https:\/\/www.bel-oeil.com\/en\/a-bel-oeil-edition\/\" title=\"A Bel \u0152il edition\">A Bel \u0152il edition<\/a><\/h4><\/header><div class=\"eael-entry-content\">\n                        <div class=\"eael-grid-post-excerpt\"><p>Bel \u0152il presents its design coffee tables: unique, organic, and elegant furniture designed to harmoniously...<\/p><a href=\"https:\/\/www.bel-oeil.com\/en\/a-bel-oeil-edition\/\" class=\"eael-post-elements-readmore-btn\">Learn more<\/a><\/div>\n                    <\/div><\/div><\/div>\n        <\/div>\n    <\/article><article class=\"eael-grid-post  eael-post-grid-column eael-pg-post-102739 category-design-en\" data-id=\"102739\">\n        <div class=\"eael-grid-post-holder\">\n            <div class=\"eael-grid-post-holder-inner\"><div class=\"eael-entry-media\"><div class=\"eael-entry-overlay fade-in\"><i class=\"fas fa-link\" aria-hidden=\"true\"><\/i><a href=\"https:\/\/www.bel-oeil.com\/en\/usm-plants\/\"><\/a><\/div><div class=\"eael-entry-thumbnail eael-image-ratio\">\n                 <img loading=\"lazy\" decoding=\"async\" width=\"1512\" height=\"688\" src=\"https:\/\/www.bel-oeil.com\/wp-content\/uploads\/2021\/04\/bel-oeil-usm-haller-vegetal-10.jpg\" class=\"attachment-full size-full wp-image-102740\" alt=\"\" srcset=\"https:\/\/www.bel-oeil.com\/wp-content\/uploads\/2021\/04\/bel-oeil-usm-haller-vegetal-10.jpg 1512w, https:\/\/www.bel-oeil.com\/wp-content\/uploads\/2021\/04\/bel-oeil-usm-haller-vegetal-10-600x273.jpg 600w, https:\/\/www.bel-oeil.com\/wp-content\/uploads\/2021\/04\/bel-oeil-usm-haller-vegetal-10-300x137.jpg 300w, https:\/\/www.bel-oeil.com\/wp-content\/uploads\/2021\/04\/bel-oeil-usm-haller-vegetal-10-1024x466.jpg 1024w, https:\/\/www.bel-oeil.com\/wp-content\/uploads\/2021\/04\/bel-oeil-usm-haller-vegetal-10-768x349.jpg 768w\" sizes=\"(max-width: 1512px) 100vw, 1512px\" \/>\n             <\/div>\n        <\/div><div class=\"eael-entry-wrapper\"><header class=\"eael-entry-header\"><h4 class=\"eael-entry-title\"><a class=\"eael-grid-post-link\" href=\"https:\/\/www.bel-oeil.com\/en\/usm-plants\/\" title=\"USM &#038; Plants\">USM &#038; Plants<\/a><\/h4><\/header><div class=\"eael-entry-content\">\n                        <div class=\"eael-grid-post-excerpt\"><p>USM Haller presents its greened furniture at Bel \u0152il: an innovative solution combining storage and...<\/p><a href=\"https:\/\/www.bel-oeil.com\/en\/usm-plants\/\" class=\"eael-post-elements-readmore-btn\">Learn more<\/a><\/div>\n                    <\/div><\/div><\/div>\n        <\/div>\n    <\/article><article class=\"eael-grid-post  eael-post-grid-column eael-pg-post-102734 category-outdoor-living\" data-id=\"102734\">\n        <div class=\"eael-grid-post-holder\">\n            <div class=\"eael-grid-post-holder-inner\"><div class=\"eael-entry-media\"><div class=\"eael-entry-overlay fade-in\"><i class=\"fas fa-link\" aria-hidden=\"true\"><\/i><a href=\"https:\/\/www.bel-oeil.com\/en\/spring-is-here\/\"><\/a><\/div><div class=\"eael-entry-thumbnail eael-image-ratio\">\n                 <img loading=\"lazy\" decoding=\"async\" width=\"1655\" height=\"863\" src=\"https:\/\/www.bel-oeil.com\/wp-content\/uploads\/2020\/03\/beb-1-3.jpg\" class=\"attachment-full size-full wp-image-102735\" alt=\"\" srcset=\"https:\/\/www.bel-oeil.com\/wp-content\/uploads\/2020\/03\/beb-1-3.jpg 1655w, https:\/\/www.bel-oeil.com\/wp-content\/uploads\/2020\/03\/beb-1-3-600x313.jpg 600w, https:\/\/www.bel-oeil.com\/wp-content\/uploads\/2020\/03\/beb-1-3-300x156.jpg 300w, https:\/\/www.bel-oeil.com\/wp-content\/uploads\/2020\/03\/beb-1-3-1024x534.jpg 1024w, https:\/\/www.bel-oeil.com\/wp-content\/uploads\/2020\/03\/beb-1-3-768x400.jpg 768w, https:\/\/www.bel-oeil.com\/wp-content\/uploads\/2020\/03\/beb-1-3-1536x801.jpg 1536w\" sizes=\"(max-width: 1655px) 100vw, 1655px\" \/>\n             <\/div>\n        <\/div><div class=\"eael-entry-wrapper\"><header class=\"eael-entry-header\"><h4 class=\"eael-entry-title\"><a class=\"eael-grid-post-link\" href=\"https:\/\/www.bel-oeil.com\/en\/spring-is-here\/\" title=\"Spring is here!\">Spring is here!<\/a><\/h4><\/header><div class=\"eael-entry-content\">\n                        <div class=\"eael-grid-post-excerpt\"><p>Bel \u0152il presents its outdoor furniture for terraces and gardens: design and durable creations, combining...<\/p><a href=\"https:\/\/www.bel-oeil.com\/en\/spring-is-here\/\" class=\"eael-post-elements-readmore-btn\">Learn more<\/a><\/div>\n                    <\/div><\/div><\/div>\n        <\/div>\n    <\/article><article class=\"eael-grid-post  eael-post-grid-column eael-pg-post-102729 category-design-en\" data-id=\"102729\">\n        <div class=\"eael-grid-post-holder\">\n            <div class=\"eael-grid-post-holder-inner\"><div class=\"eael-entry-media\"><div class=\"eael-entry-overlay fade-in\"><i class=\"fas fa-link\" aria-hidden=\"true\"><\/i><a href=\"https:\/\/www.bel-oeil.com\/en\/tree-one\/\"><\/a><\/div><div class=\"eael-entry-thumbnail eael-image-ratio\">\n                 <img loading=\"lazy\" decoding=\"async\" width=\"1280\" height=\"865\" src=\"https:\/\/www.bel-oeil.com\/wp-content\/uploads\/2021\/02\/Tree-One-Copyright-Marc-Ferrand-1.jpg\" class=\"attachment-full size-full wp-image-102730\" alt=\"\" srcset=\"https:\/\/www.bel-oeil.com\/wp-content\/uploads\/2021\/02\/Tree-One-Copyright-Marc-Ferrand-1.jpg 1280w, https:\/\/www.bel-oeil.com\/wp-content\/uploads\/2021\/02\/Tree-One-Copyright-Marc-Ferrand-1-600x405.jpg 600w, https:\/\/www.bel-oeil.com\/wp-content\/uploads\/2021\/02\/Tree-One-Copyright-Marc-Ferrand-1-300x203.jpg 300w, https:\/\/www.bel-oeil.com\/wp-content\/uploads\/2021\/02\/Tree-One-Copyright-Marc-Ferrand-1-1024x692.jpg 1024w, https:\/\/www.bel-oeil.com\/wp-content\/uploads\/2021\/02\/Tree-One-Copyright-Marc-Ferrand-1-768x519.jpg 768w\" sizes=\"(max-width: 1280px) 100vw, 1280px\" \/>\n             <\/div>\n        <\/div><div class=\"eael-entry-wrapper\"><header class=\"eael-entry-header\"><h4 class=\"eael-entry-title\"><a class=\"eael-grid-post-link\" href=\"https:\/\/www.bel-oeil.com\/en\/tree-one\/\" title=\"Tree One\">Tree One<\/a><\/h4><\/header><div class=\"eael-entry-content\">\n                        <div class=\"eael-grid-post-excerpt\"><p>Bel \u0152il presents Tree One: a limited series of solid wood tables, unique and sculptural,...<\/p><a href=\"https:\/\/www.bel-oeil.com\/en\/tree-one\/\" class=\"eael-post-elements-readmore-btn\">Learn more<\/a><\/div>\n                    <\/div><\/div><\/div>\n        <\/div>\n    <\/article><article class=\"eael-grid-post  eael-post-grid-column eael-pg-post-102724 category-artists\" data-id=\"102724\">\n        <div class=\"eael-grid-post-holder\">\n            <div class=\"eael-grid-post-holder-inner\"><div class=\"eael-entry-media\"><div class=\"eael-entry-overlay fade-in\"><i class=\"fas fa-link\" aria-hidden=\"true\"><\/i><a href=\"https:\/\/www.bel-oeil.com\/en\/what-if-we-bought-art-instead\/\"><\/a><\/div><div class=\"eael-entry-thumbnail eael-image-ratio\">\n                 <img loading=\"lazy\" decoding=\"async\" width=\"1592\" height=\"1592\" src=\"https:\/\/www.bel-oeil.com\/wp-content\/uploads\/2020\/12\/bel-oeil-arman-daphne-corregan.jpg\" class=\"attachment-full size-full wp-image-102725\" alt=\"\" srcset=\"https:\/\/www.bel-oeil.com\/wp-content\/uploads\/2020\/12\/bel-oeil-arman-daphne-corregan.jpg 1592w, https:\/\/www.bel-oeil.com\/wp-content\/uploads\/2020\/12\/bel-oeil-arman-daphne-corregan-300x300.jpg 300w, https:\/\/www.bel-oeil.com\/wp-content\/uploads\/2020\/12\/bel-oeil-arman-daphne-corregan-100x100.jpg 100w, https:\/\/www.bel-oeil.com\/wp-content\/uploads\/2020\/12\/bel-oeil-arman-daphne-corregan-600x600.jpg 600w, https:\/\/www.bel-oeil.com\/wp-content\/uploads\/2020\/12\/bel-oeil-arman-daphne-corregan-1024x1024.jpg 1024w, https:\/\/www.bel-oeil.com\/wp-content\/uploads\/2020\/12\/bel-oeil-arman-daphne-corregan-150x150.jpg 150w, https:\/\/www.bel-oeil.com\/wp-content\/uploads\/2020\/12\/bel-oeil-arman-daphne-corregan-768x768.jpg 768w, https:\/\/www.bel-oeil.com\/wp-content\/uploads\/2020\/12\/bel-oeil-arman-daphne-corregan-1536x1536.jpg 1536w\" sizes=\"(max-width: 1592px) 100vw, 1592px\" \/>\n             <\/div>\n        <\/div><div class=\"eael-entry-wrapper\"><header class=\"eael-entry-header\"><h4 class=\"eael-entry-title\"><a class=\"eael-grid-post-link\" href=\"https:\/\/www.bel-oeil.com\/en\/what-if-we-bought-art-instead\/\" title=\"What if we bought Art instead?\">What if we bought Art instead?<\/a><\/h4><\/header><div class=\"eael-entry-content\">\n                        <div class=\"eael-grid-post-excerpt\"><p>Bel \u0152il presents its contemporary art collection: artworks and design furniture to discover and purchase...<\/p><a href=\"https:\/\/www.bel-oeil.com\/en\/what-if-we-bought-art-instead\/\" class=\"eael-post-elements-readmore-btn\">Learn more<\/a><\/div>\n                    <\/div><\/div><\/div>\n        <\/div>\n    <\/article><\/div>\n            <div class=\"clearfix\"><\/div>\n        <\/div>            <div class=\"eael-load-more-button-wrap\">\n                <button class=\"eael-load-more-button\" id=\"eael-load-more-btn-8e43ec9\" data-widget-id=\"8e43ec9\" data-widget=\"8e43ec9\" data-page-id=\"102789\" data-template=\"{&quot;dir&quot;:&quot;lite&quot;,&quot;file_name&quot;:&quot;three.php&quot;,&quot;name&quot;:&quot;Post-Grid&quot;}\" data-class=\"Essential_Addons_Elementor\\Elements\\Post_Grid\" data-layout=\"grid\" data-page=\"1\" data-args=\"orderby=date&amp;order=desc&amp;ignore_sticky_posts=1&amp;post_status=publish&amp;posts_per_page=16&amp;offset=0&amp;post_type=post\" data-max-page=\"4\">\n                    <span class=\"eael-btn-loader button__loader\"><\/span>\n                    <span class=\"eael_load_more_text\">More articles<\/span>\n                <\/button>\n            <\/div>\n            \t\t\t\t<\/div>\n\t\t\t\t<\/div>\n\t\t\t\t<div class=\"elementor-element elementor-element-3369c7b elementor-widget elementor-widget-html\" data-id=\"3369c7b\" data-element_type=\"widget\" data-e-type=\"widget\" data-widget_type=\"html.default\">\n\t\t\t\t<div class=\"elementor-widget-container\">\n\t\t\t\t\t<script>\r\nwindow.addEventListener('beforeunload', function () {\r\n    localStorage.setItem('scrollPosition', window.scrollY);\r\n});\r\n\r\nwindow.addEventListener('load', function () {\r\n    const savedPosition = localStorage.getItem('scrollPosition');\r\n    if (savedPosition) {\r\n        window.scrollTo(0, parseInt(savedPosition, 10));\r\n    }\r\n});\r\n\r\n    \r\n<\/script>\t\t\t\t<\/div>\n\t\t\t\t<\/div>\n\t\t\t\t\t<\/div>\n\t\t<\/div>\n\t\t\t\t\t<\/div>\n\t\t<\/section>\n\t\t\t\t<\/div>\n\t\t","protected":false},"excerpt":{"rendered":"<p>Julien Mignot presents \u00c0 propos de Cannes at Bel \u0152il: a photography exhibition mixing portraits of stars and everyday scenes during the Cannes Film Festival.<\/p>\n","protected":false},"author":2,"featured_media":102790,"comment_status":"closed","ping_status":"closed","sticky":false,"template":"elementor_header_footer","format":"standard","meta":{"inline_featured_image":false,"footnotes":""},"categories":[5309],"tags":[],"class_list":["post-102789","post","type-post","status-publish","format-standard","has-post-thumbnail","hentry","category-photographer"],"yoast_head":"<!-- This site is optimized with the Yoast SEO plugin v27.4 - https:\/\/yoast.com\/product\/yoast-seo-wordpress\/ -->\n<title>Julien Mignot Cannes: Photo Exhibition 2023 | Blink Bel \u0152il<\/title>\n<meta name=\"description\" content=\"Discover the Julien Mignot exhibition in Cannes at Bel \u0152il: portraits and unique scenes capturing the spirit of the Cannes Festival.\" \/>\n<meta name=\"robots\" content=\"index, follow, max-snippet:-1, max-image-preview:large, max-video-preview:-1\" \/>\n<link rel=\"canonical\" href=\"https:\/\/www.bel-oeil.com\/en\/julien-mignot-a-propos-de-cannes\/\" \/>\n<meta name=\"twitter:label1\" content=\"Written by\" \/>\n\t<meta name=\"twitter:data1\" content=\"Alexandre\" \/>\n\t<meta name=\"twitter:label2\" content=\"Est. reading time\" \/>\n\t<meta name=\"twitter:data2\" content=\"3 minutes\" \/>\n<script type=\"application\/ld+json\" class=\"yoast-schema-graph\">{\"@context\":\"https:\\\/\\\/schema.org\",\"@graph\":[{\"@type\":\"Article\",\"@id\":\"https:\\\/\\\/www.bel-oeil.com\\\/en\\\/julien-mignot-a-propos-de-cannes\\\/#article\",\"isPartOf\":{\"@id\":\"https:\\\/\\\/www.bel-oeil.com\\\/en\\\/julien-mignot-a-propos-de-cannes\\\/\"},\"author\":{\"name\":\"Alexandre\",\"@id\":\"https:\\\/\\\/www.bel-oeil.com\\\/en\\\/#\\\/schema\\\/person\\\/24aca87a38bf41a7c81926c45d20d5a3\"},\"headline\":\"Julien Mignot: \u00c0 propos de Cannes\",\"datePublished\":\"2025-04-16T14:47:06+00:00\",\"dateModified\":\"2026-02-27T14:24:32+00:00\",\"mainEntityOfPage\":{\"@id\":\"https:\\\/\\\/www.bel-oeil.com\\\/en\\\/julien-mignot-a-propos-de-cannes\\\/\"},\"wordCount\":562,\"publisher\":{\"@id\":\"https:\\\/\\\/www.bel-oeil.com\\\/en\\\/#organization\"},\"image\":{\"@id\":\"https:\\\/\\\/www.bel-oeil.com\\\/en\\\/julien-mignot-a-propos-de-cannes\\\/#primaryimage\"},\"thumbnailUrl\":\"https:\\\/\\\/www.bel-oeil.com\\\/wp-content\\\/uploads\\\/2024\\\/09\\\/tilda-reduc-1.jpg\",\"articleSection\":[\"Photographer\"],\"inLanguage\":\"en-US\"},{\"@type\":\"WebPage\",\"@id\":\"https:\\\/\\\/www.bel-oeil.com\\\/en\\\/julien-mignot-a-propos-de-cannes\\\/\",\"url\":\"https:\\\/\\\/www.bel-oeil.com\\\/en\\\/julien-mignot-a-propos-de-cannes\\\/\",\"name\":\"Julien Mignot Cannes: Photo Exhibition 2023 | Blink Bel \u0152il\",\"isPartOf\":{\"@id\":\"https:\\\/\\\/www.bel-oeil.com\\\/en\\\/#website\"},\"primaryImageOfPage\":{\"@id\":\"https:\\\/\\\/www.bel-oeil.com\\\/en\\\/julien-mignot-a-propos-de-cannes\\\/#primaryimage\"},\"image\":{\"@id\":\"https:\\\/\\\/www.bel-oeil.com\\\/en\\\/julien-mignot-a-propos-de-cannes\\\/#primaryimage\"},\"thumbnailUrl\":\"https:\\\/\\\/www.bel-oeil.com\\\/wp-content\\\/uploads\\\/2024\\\/09\\\/tilda-reduc-1.jpg\",\"datePublished\":\"2025-04-16T14:47:06+00:00\",\"dateModified\":\"2026-02-27T14:24:32+00:00\",\"description\":\"Discover the Julien Mignot exhibition in Cannes at Bel \u0152il: portraits and unique scenes capturing the spirit of the Cannes Festival.\",\"breadcrumb\":{\"@id\":\"https:\\\/\\\/www.bel-oeil.com\\\/en\\\/julien-mignot-a-propos-de-cannes\\\/#breadcrumb\"},\"inLanguage\":\"en-US\",\"potentialAction\":[{\"@type\":\"ReadAction\",\"target\":[\"https:\\\/\\\/www.bel-oeil.com\\\/en\\\/julien-mignot-a-propos-de-cannes\\\/\"]}]},{\"@type\":\"ImageObject\",\"inLanguage\":\"en-US\",\"@id\":\"https:\\\/\\\/www.bel-oeil.com\\\/en\\\/julien-mignot-a-propos-de-cannes\\\/#primaryimage\",\"url\":\"https:\\\/\\\/www.bel-oeil.com\\\/wp-content\\\/uploads\\\/2024\\\/09\\\/tilda-reduc-1.jpg\",\"contentUrl\":\"https:\\\/\\\/www.bel-oeil.com\\\/wp-content\\\/uploads\\\/2024\\\/09\\\/tilda-reduc-1.jpg\",\"width\":1581,\"height\":2119},{\"@type\":\"BreadcrumbList\",\"@id\":\"https:\\\/\\\/www.bel-oeil.com\\\/en\\\/julien-mignot-a-propos-de-cannes\\\/#breadcrumb\",\"itemListElement\":[{\"@type\":\"ListItem\",\"position\":1,\"name\":\"Accueil\",\"item\":\"https:\\\/\\\/www.bel-oeil.com\\\/en\\\/\"},{\"@type\":\"ListItem\",\"position\":2,\"name\":\"Julien Mignot: \u00c0 propos de Cannes\"}]},{\"@type\":\"WebSite\",\"@id\":\"https:\\\/\\\/www.bel-oeil.com\\\/en\\\/#website\",\"url\":\"https:\\\/\\\/www.bel-oeil.com\\\/en\\\/\",\"name\":\"Bel-\u0152il\",\"description\":\"Born to Design\",\"publisher\":{\"@id\":\"https:\\\/\\\/www.bel-oeil.com\\\/en\\\/#organization\"},\"potentialAction\":[{\"@type\":\"SearchAction\",\"target\":{\"@type\":\"EntryPoint\",\"urlTemplate\":\"https:\\\/\\\/www.bel-oeil.com\\\/en\\\/?s={search_term_string}\"},\"query-input\":{\"@type\":\"PropertyValueSpecification\",\"valueRequired\":true,\"valueName\":\"search_term_string\"}}],\"inLanguage\":\"en-US\"},{\"@type\":\"Organization\",\"@id\":\"https:\\\/\\\/www.bel-oeil.com\\\/en\\\/#organization\",\"name\":\"Bel-\u0152il\",\"url\":\"https:\\\/\\\/www.bel-oeil.com\\\/en\\\/\",\"logo\":{\"@type\":\"ImageObject\",\"inLanguage\":\"en-US\",\"@id\":\"https:\\\/\\\/www.bel-oeil.com\\\/en\\\/#\\\/schema\\\/logo\\\/image\\\/\",\"url\":\"https:\\\/\\\/www.bel-oeil.com\\\/wp-content\\\/uploads\\\/2021\\\/10\\\/logo-bel-oeil-blanc.svg\",\"contentUrl\":\"https:\\\/\\\/www.bel-oeil.com\\\/wp-content\\\/uploads\\\/2021\\\/10\\\/logo-bel-oeil-blanc.svg\",\"caption\":\"Bel-\u0152il\"},\"image\":{\"@id\":\"https:\\\/\\\/www.bel-oeil.com\\\/en\\\/#\\\/schema\\\/logo\\\/image\\\/\"},\"sameAs\":[\"https:\\\/\\\/www.linkedin.com\\\/company\\\/beloeilinteriordesign\\\/\"]},{\"@type\":\"Person\",\"@id\":\"https:\\\/\\\/www.bel-oeil.com\\\/en\\\/#\\\/schema\\\/person\\\/24aca87a38bf41a7c81926c45d20d5a3\",\"name\":\"Alexandre\",\"url\":\"https:\\\/\\\/www.bel-oeil.com\\\/en\\\/author\\\/alexandre\\\/\"}]}<\/script>\n<!-- \/ Yoast SEO plugin. -->","yoast_head_json":{"title":"Julien Mignot Cannes: Photo Exhibition 2023 | Blink Bel \u0152il","description":"Discover the Julien Mignot exhibition in Cannes at Bel \u0152il: portraits and unique scenes capturing the spirit of the Cannes Festival.","robots":{"index":"index","follow":"follow","max-snippet":"max-snippet:-1","max-image-preview":"max-image-preview:large","max-video-preview":"max-video-preview:-1"},"canonical":"https:\/\/www.bel-oeil.com\/en\/julien-mignot-a-propos-de-cannes\/","twitter_misc":{"Written by":"Alexandre","Est. reading time":"3 minutes"},"schema":{"@context":"https:\/\/schema.org","@graph":[{"@type":"Article","@id":"https:\/\/www.bel-oeil.com\/en\/julien-mignot-a-propos-de-cannes\/#article","isPartOf":{"@id":"https:\/\/www.bel-oeil.com\/en\/julien-mignot-a-propos-de-cannes\/"},"author":{"name":"Alexandre","@id":"https:\/\/www.bel-oeil.com\/en\/#\/schema\/person\/24aca87a38bf41a7c81926c45d20d5a3"},"headline":"Julien Mignot: \u00c0 propos de Cannes","datePublished":"2025-04-16T14:47:06+00:00","dateModified":"2026-02-27T14:24:32+00:00","mainEntityOfPage":{"@id":"https:\/\/www.bel-oeil.com\/en\/julien-mignot-a-propos-de-cannes\/"},"wordCount":562,"publisher":{"@id":"https:\/\/www.bel-oeil.com\/en\/#organization"},"image":{"@id":"https:\/\/www.bel-oeil.com\/en\/julien-mignot-a-propos-de-cannes\/#primaryimage"},"thumbnailUrl":"https:\/\/www.bel-oeil.com\/wp-content\/uploads\/2024\/09\/tilda-reduc-1.jpg","articleSection":["Photographer"],"inLanguage":"en-US"},{"@type":"WebPage","@id":"https:\/\/www.bel-oeil.com\/en\/julien-mignot-a-propos-de-cannes\/","url":"https:\/\/www.bel-oeil.com\/en\/julien-mignot-a-propos-de-cannes\/","name":"Julien Mignot Cannes: Photo Exhibition 2023 | Blink Bel \u0152il","isPartOf":{"@id":"https:\/\/www.bel-oeil.com\/en\/#website"},"primaryImageOfPage":{"@id":"https:\/\/www.bel-oeil.com\/en\/julien-mignot-a-propos-de-cannes\/#primaryimage"},"image":{"@id":"https:\/\/www.bel-oeil.com\/en\/julien-mignot-a-propos-de-cannes\/#primaryimage"},"thumbnailUrl":"https:\/\/www.bel-oeil.com\/wp-content\/uploads\/2024\/09\/tilda-reduc-1.jpg","datePublished":"2025-04-16T14:47:06+00:00","dateModified":"2026-02-27T14:24:32+00:00","description":"Discover the Julien Mignot exhibition in Cannes at Bel \u0152il: portraits and unique scenes capturing the spirit of the Cannes Festival.","breadcrumb":{"@id":"https:\/\/www.bel-oeil.com\/en\/julien-mignot-a-propos-de-cannes\/#breadcrumb"},"inLanguage":"en-US","potentialAction":[{"@type":"ReadAction","target":["https:\/\/www.bel-oeil.com\/en\/julien-mignot-a-propos-de-cannes\/"]}]},{"@type":"ImageObject","inLanguage":"en-US","@id":"https:\/\/www.bel-oeil.com\/en\/julien-mignot-a-propos-de-cannes\/#primaryimage","url":"https:\/\/www.bel-oeil.com\/wp-content\/uploads\/2024\/09\/tilda-reduc-1.jpg","contentUrl":"https:\/\/www.bel-oeil.com\/wp-content\/uploads\/2024\/09\/tilda-reduc-1.jpg","width":1581,"height":2119},{"@type":"BreadcrumbList","@id":"https:\/\/www.bel-oeil.com\/en\/julien-mignot-a-propos-de-cannes\/#breadcrumb","itemListElement":[{"@type":"ListItem","position":1,"name":"Accueil","item":"https:\/\/www.bel-oeil.com\/en\/"},{"@type":"ListItem","position":2,"name":"Julien Mignot: \u00c0 propos de Cannes"}]},{"@type":"WebSite","@id":"https:\/\/www.bel-oeil.com\/en\/#website","url":"https:\/\/www.bel-oeil.com\/en\/","name":"Bel-\u0152il","description":"Born to Design","publisher":{"@id":"https:\/\/www.bel-oeil.com\/en\/#organization"},"potentialAction":[{"@type":"SearchAction","target":{"@type":"EntryPoint","urlTemplate":"https:\/\/www.bel-oeil.com\/en\/?s={search_term_string}"},"query-input":{"@type":"PropertyValueSpecification","valueRequired":true,"valueName":"search_term_string"}}],"inLanguage":"en-US"},{"@type":"Organization","@id":"https:\/\/www.bel-oeil.com\/en\/#organization","name":"Bel-\u0152il","url":"https:\/\/www.bel-oeil.com\/en\/","logo":{"@type":"ImageObject","inLanguage":"en-US","@id":"https:\/\/www.bel-oeil.com\/en\/#\/schema\/logo\/image\/","url":"https:\/\/www.bel-oeil.com\/wp-content\/uploads\/2021\/10\/logo-bel-oeil-blanc.svg","contentUrl":"https:\/\/www.bel-oeil.com\/wp-content\/uploads\/2021\/10\/logo-bel-oeil-blanc.svg","caption":"Bel-\u0152il"},"image":{"@id":"https:\/\/www.bel-oeil.com\/en\/#\/schema\/logo\/image\/"},"sameAs":["https:\/\/www.linkedin.com\/company\/beloeilinteriordesign\/"]},{"@type":"Person","@id":"https:\/\/www.bel-oeil.com\/en\/#\/schema\/person\/24aca87a38bf41a7c81926c45d20d5a3","name":"Alexandre","url":"https:\/\/www.bel-oeil.com\/en\/author\/alexandre\/"}]}},"_links":{"self":[{"href":"https:\/\/www.bel-oeil.com\/en\/wp-json\/wp\/v2\/posts\/102789","targetHints":{"allow":["GET"]}}],"collection":[{"href":"https:\/\/www.bel-oeil.com\/en\/wp-json\/wp\/v2\/posts"}],"about":[{"href":"https:\/\/www.bel-oeil.com\/en\/wp-json\/wp\/v2\/types\/post"}],"author":[{"embeddable":true,"href":"https:\/\/www.bel-oeil.com\/en\/wp-json\/wp\/v2\/users\/2"}],"replies":[{"embeddable":true,"href":"https:\/\/www.bel-oeil.com\/en\/wp-json\/wp\/v2\/comments?post=102789"}],"version-history":[{"count":8,"href":"https:\/\/www.bel-oeil.com\/en\/wp-json\/wp\/v2\/posts\/102789\/revisions"}],"predecessor-version":[{"id":118738,"href":"https:\/\/www.bel-oeil.com\/en\/wp-json\/wp\/v2\/posts\/102789\/revisions\/118738"}],"wp:featuredmedia":[{"embeddable":true,"href":"https:\/\/www.bel-oeil.com\/en\/wp-json\/wp\/v2\/media\/102790"}],"wp:attachment":[{"href":"https:\/\/www.bel-oeil.com\/en\/wp-json\/wp\/v2\/media?parent=102789"}],"wp:term":[{"taxonomy":"category","embeddable":true,"href":"https:\/\/www.bel-oeil.com\/en\/wp-json\/wp\/v2\/categories?post=102789"},{"taxonomy":"post_tag","embeddable":true,"href":"https:\/\/www.bel-oeil.com\/en\/wp-json\/wp\/v2\/tags?post=102789"}],"curies":[{"name":"wp","href":"https:\/\/api.w.org\/{rel}","templated":true}]}}